{"id":13271,"date":"2016-02-02T15:25:56","date_gmt":"2016-02-02T17:25:56","guid":{"rendered":"http:\/\/catolicanet.net\/wp-cnet\/2016\/02\/02\/na-igreja-ha-um-lugar-insubstituivel-para-os-consagrados\/"},"modified":"2017-06-02T14:39:20","modified_gmt":"2017-06-02T17:39:20","slug":"na-igreja-ha-um-lugar-insubstituivel-para-os-consagrados","status":"publish","type":"post","link":"https:\/\/catolicanet.net\/wp-cnet\/na-igreja-ha-um-lugar-insubstituivel-para-os-consagrados\/","title":{"rendered":"\u201cNa igreja h\u00e1 um lugar insubstitu\u00edvel para os consagrados\u201d"},"content":{"rendered":"<p style=\"text-align: justify;\"><img decoding=\"async\" src=\"http:\/\/catolicanet.com.br\/images\/stories\/geral\/rv13045_articolo.jpg\" border=\"0\" align=\"left\" \/>\u00c9 a mensagem que o Presidente da Comiss\u00e3o Episcopal das Voca\u00e7\u00f5es e Minist\u00e9rios em Portugal destaca do Ano da Vida Consagrada que hoje encerra.<\/p>\n<p>Portugal tem cerca de 6100 consagrados, 450 seculares, 99 congrega\u00e7\u00f5es femininas, 33 masculinas, 19 institutos seculares.<\/p>\n<p>\u201cFoi um ano que teve um impacto muito grande nas comunidades crist\u00e3s\u201d, diz \u00e0 R\u00e1dio Vaticano D. Virg\u00edlio Antunes que reconhece dificuldades resultantes do \u201cenvelhecimento\u201d das pessoas e da falta de voca\u00e7\u00f5es.<\/p>\n<p>O bispo de Coimbra reafirma no entanto que \u201ch\u00e1 sinais de esperan\u00e7a\u201d, e pede uma aposta maior na juventude.<\/p>\n<p style=\"text-align: justify;\">Fonte: R\u00e1dio Vaticano<\/p>\n","protected":false},"excerpt":{"rendered":"<p>\u00c9 a mensagem que o Presidente da Comiss\u00e3o Episcopal das Voca\u00e7\u00f5es e Minist\u00e9rios em Portugal destaca do Ano da Vida Consagrada que hoje encerra. Portugal tem cerca de 6100 consagrados, 450 seculares, 99 congrega\u00e7\u00f5es femininas, 33 masculinas, 19 institutos seculares. \u201cFoi um ano que teve um impacto muito grande nas comunidades crist\u00e3s\u201d, diz \u00e0 R\u00e1dio [&hellip;]<\/p>\n","protected":false},"author":1,"featured_media":0,"comment_status":"open","ping_status":"open","sticky":false,"template":"","format":"standard","meta":{"footnotes":""},"categories":[3],"tags":[],"class_list":["post-13271","post","type-post","status-publish","format-standard","hentry","category-vaticano"],"_links":{"self":[{"href":"https:\/\/catolicanet.net\/wp-cnet\/wp-json\/wp\/v2\/posts\/13271","targetHints":{"allow":["GET"]}}],"collection":[{"href":"https:\/\/catolicanet.net\/wp-cnet\/wp-json\/wp\/v2\/posts"}],"about":[{"href":"https:\/\/catolicanet.net\/wp-cnet\/wp-json\/wp\/v2\/types\/post"}],"author":[{"embeddable":true,"href":"https:\/\/catolicanet.net\/wp-cnet\/wp-json\/wp\/v2\/users\/1"}],"replies":[{"embeddable":true,"href":"https:\/\/catolicanet.net\/wp-cnet\/wp-json\/wp\/v2\/comments?post=13271"}],"version-history":[{"count":1,"href":"https:\/\/catolicanet.net\/wp-cnet\/wp-json\/wp\/v2\/posts\/13271\/revisions"}],"predecessor-version":[{"id":28710,"href":"https:\/\/catolicanet.net\/wp-cnet\/wp-json\/wp\/v2\/posts\/13271\/revisions\/28710"}],"wp:attachment":[{"href":"https:\/\/catolicanet.net\/wp-cnet\/wp-json\/wp\/v2\/media?parent=13271"}],"wp:term":[{"taxonomy":"category","embeddable":true,"href":"https:\/\/catolicanet.net\/wp-cnet\/wp-json\/wp\/v2\/categories?post=13271"},{"taxonomy":"post_tag","embeddable":true,"href":"https:\/\/catolicanet.net\/wp-cnet\/wp-json\/wp\/v2\/tags?post=13271"}],"curies":[{"name":"wp","href":"https:\/\/api.w.org\/{rel}","templated":true}]}}