{"id":13257,"date":"2016-02-01T17:51:27","date_gmt":"2016-02-01T19:51:27","guid":{"rendered":"http:\/\/catolicanet.net\/wp-cnet\/2016\/02\/01\/a-felicidade-de-ser-casto-por-um-cartuxo\/"},"modified":"2017-05-31T13:03:38","modified_gmt":"2017-05-31T16:03:38","slug":"a-felicidade-de-ser-casto-por-um-cartuxo","status":"publish","type":"post","link":"https:\/\/catolicanet.net\/wp-cnet\/a-felicidade-de-ser-casto-por-um-cartuxo\/","title":{"rendered":"\u201cA felicidade de ser casto\u201d \u2013 por um cartuxo"},"content":{"rendered":"<p style=\"text-align: justify;\"><img decoding=\"async\" src=\"http:\/\/catolicanet.com.br\/images\/stories\/geral\/tmi5buf1.jpg\" border=\"0\" align=\"left\" \/>\u201cO amor \u00e9 sentido da nossa vida. Viemos ao deserto para responder a um convite&#8221;<\/p>\n<p>Com ocasi\u00e3o do dia dedicado \u00e0 Vida Consagrada (2 de fevereiro) vos oferecemos este texto escrito por um monge cartuxo e esperamos que esta medita\u00e7\u00e3o encoraje tamb\u00e9m a v\u00f3s a viver a virtude da castidade que nos une a Jesus, o esposo da nossa alma.<\/p>\n<p>\u201cO amor \u00e9 sentido da nossa vida. Viemos ao deserto para responder a um convite da Sant\u00edssima Trindade, inspirado pelo Esp\u00edrito Santo nos nossos cora\u00e7\u00f5es, para viver um amor \u00edntimo com Deus. Esta uni\u00e3o \u00e9 uma realiza\u00e7\u00e3o individual da uni\u00e3o esponsal de Cristo com a Igreja\u201d.<\/p>\n<p>\u201cTodas as nossas observ\u00e2ncias t\u00eam como fim esta realiza\u00e7\u00e3o, as quais nos ajudam a acessar esta pureza de cora\u00e7\u00e3o, este olhar l\u00edmpido, que promete a vis\u00e3o de Deus. A solid\u00e3o \u00e9 o lugar deste prodigioso encontro com o Verbo que fala no sil\u00eancio. A cela e o fechamento protegem a preciosa chama de um amor que se eleva ao Senhor na ora\u00e7\u00e3o mais cont\u00ednua e profunda poss\u00edvel. O cora\u00e7\u00e3o que vive de Amor n\u00e3o pode deixar de se abrir aos seus irm\u00e3os que s\u00e3o os seus companheiros ao longo do caminho, a toda a Igreja de Cristo e \u00e0 humanidade, na medida do cora\u00e7\u00e3o de Cristo. Somente deste ponto de vista, se pode situar a nossa castidade consagrada: uma fonte e uma das express\u00f5es desta pureza de cora\u00e7\u00e3o que nos une a Cristo e aos nossos irm\u00e3os. A nossa castidade \u00e9 uma marca do nosso amor, a sua transpar\u00eancia, a sua verdade, o seu sinal de fidelidade. N\u00e3o entramos na Cartuxa por medo das mulheres ou avers\u00e3o ao matrim\u00f4nio! Somente por amor a Deus: para ter como ocupa\u00e7\u00e3o principal do nosso esp\u00edrito e do nosso cora\u00e7\u00e3o a busca de Deus, conhec\u00ea-Lo e am\u00e1-Lo\u201d.<\/p>\n<p>Via: https:\/\/cartusialover.wordpress.com\/ \u201cTudo sobre o Universo Cartusiano\u201d<\/p>\n<p style=\"text-align: justify;\">Fonte: Aleteia<\/p>\n","protected":false},"excerpt":{"rendered":"<p>\u201cO amor \u00e9 sentido da nossa vida. Viemos ao deserto para responder a um convite&#8221; Com ocasi\u00e3o do dia dedicado \u00e0 Vida Consagrada (2 de fevereiro) vos oferecemos este texto escrito por um monge cartuxo e esperamos que esta medita\u00e7\u00e3o encoraje tamb\u00e9m a v\u00f3s a viver a virtude da castidade que nos une a Jesus, [&hellip;]<\/p>\n","protected":false},"author":1,"featured_media":0,"comment_status":"open","ping_status":"open","sticky":false,"template":"","format":"standard","meta":{"footnotes":""},"categories":[4],"tags":[],"class_list":["post-13257","post","type-post","status-publish","format-standard","hentry","category-cotidiano"],"_links":{"self":[{"href":"https:\/\/catolicanet.net\/wp-cnet\/wp-json\/wp\/v2\/posts\/13257","targetHints":{"allow":["GET"]}}],"collection":[{"href":"https:\/\/catolicanet.net\/wp-cnet\/wp-json\/wp\/v2\/posts"}],"about":[{"href":"https:\/\/catolicanet.net\/wp-cnet\/wp-json\/wp\/v2\/types\/post"}],"author":[{"embeddable":true,"href":"https:\/\/catolicanet.net\/wp-cnet\/wp-json\/wp\/v2\/users\/1"}],"replies":[{"embeddable":true,"href":"https:\/\/catolicanet.net\/wp-cnet\/wp-json\/wp\/v2\/comments?post=13257"}],"version-history":[{"count":1,"href":"https:\/\/catolicanet.net\/wp-cnet\/wp-json\/wp\/v2\/posts\/13257\/revisions"}],"predecessor-version":[{"id":26500,"href":"https:\/\/catolicanet.net\/wp-cnet\/wp-json\/wp\/v2\/posts\/13257\/revisions\/26500"}],"wp:attachment":[{"href":"https:\/\/catolicanet.net\/wp-cnet\/wp-json\/wp\/v2\/media?parent=13257"}],"wp:term":[{"taxonomy":"category","embeddable":true,"href":"https:\/\/catolicanet.net\/wp-cnet\/wp-json\/wp\/v2\/categories?post=13257"},{"taxonomy":"post_tag","embeddable":true,"href":"https:\/\/catolicanet.net\/wp-cnet\/wp-json\/wp\/v2\/tags?post=13257"}],"curies":[{"name":"wp","href":"https:\/\/api.w.org\/{rel}","templated":true}]}}