{"id":13256,"date":"2016-02-01T17:18:26","date_gmt":"2016-02-01T19:18:26","guid":{"rendered":"http:\/\/catolicanet.net\/wp-cnet\/2016\/02\/01\/brasil-recebe-a-cruz-do-v-congresso-latino-americano\/"},"modified":"2017-05-30T11:08:06","modified_gmt":"2017-05-30T14:08:06","slug":"brasil-recebe-a-cruz-do-v-congresso-latino-americano","status":"publish","type":"post","link":"https:\/\/catolicanet.net\/wp-cnet\/brasil-recebe-a-cruz-do-v-congresso-latino-americano\/","title":{"rendered":"Brasil recebe a Cruz do V congresso Latino Americano"},"content":{"rendered":"<p style=\"text-align: justify;\"><img decoding=\"async\" src=\"http:\/\/catolicanet.com.br\/images\/stories\/geral\/dscn9726.jpg\" border=\"0\" align=\"left\" \/>No dia 16 de janeiro de 2016, a pedido de Padre Camilo Pauletti, diretor das Pontif\u00edcias Obras Mission\u00e1rias \u2013 P.O.M. de Bras\u00edlia (DF), C\u00e9sar Campos diretor do Centro Mission\u00e1rio S\u00e3o Paulo \u2013 S\u00e3o Paulo (SP), no aeroporto de Guarulhos (SP), recebeu a Cruz da Evangeliza\u00e7\u00e3o das m\u00e3os da Irm\u00e3 Izabel Bitencourt Pereira \u2013 Filhas do Divino Zelo, vindo de Santa Cruz de La Sierra \u2013 Bol\u00edvia. <br \/><img decoding=\"async\" src=\"http:\/\/catolicanet.com.br\/images\/stories\/geral\/dscn9721.jpg\" border=\"0\" align=\"right\" \/>No dia 09 de julho de 2015, Papa Francisco, durante sua viagem apost\u00f3lica \u00e0 Bol\u00edvia, aben\u00e7oou 40 Cruzes id\u00eanticas: uma para cada pa\u00eds da Am\u00e9rica e 18 para as Dioceses bolivianas. Com este gesto, teve oficialmente in\u00edcio o V Congresso Mission\u00e1rio Americano (CAM 5), que se realizar\u00e1 na cidade boliviana de Santa Cruz de la Sierra, em julho de 2018.<br \/>As Cruzes da Evangeliza\u00e7\u00e3o, que foram confeccionadas por artes\u00e3os da regi\u00e3o boliviana de Chiquitos, cont\u00e9m as rel\u00edquias da Beata Nazaria Ignacia March Mesa (1889 \u2013 1943), a primeira a fundar uma comunidade religiosa na Bol\u00edvia, considerada mission\u00e1ria em tempos dif\u00edceis.<br \/><img decoding=\"async\" src=\"http:\/\/catolicanet.com.br\/images\/stories\/geral\/dscn9718.jpg\" border=\"0\" align=\"left\" \/>A Cruz de Evangeliza\u00e7\u00e3o, est\u00e1 temporariamente no Centro Mission\u00e1rio S\u00e3o Paulo, ser\u00e1 enviada para as Pontif\u00edcias Obras Mission\u00e1rias \u2013 P.O.M. que far\u00e1 uma programa\u00e7\u00e3o para que a mesma percorra as Dioceses do Brasil.<br \/>No dia 21 de janeiro de 2016, Padre Gutemberg Pereira, primeiro Padre brasileiro ordenado na Diocese de Pemba- Mo\u00e7ambique, p\u00e1roco na par\u00f3quia de S\u00e3o Francisco Xavier, na cidade de Balama, em visita ao Centro Mission\u00e1rio, celebrou Missa em A\u00e7\u00e3o de Gra\u00e7as pela chegada da Cruz, momento de muita alegria para todos os presentes.<\/p>\n","protected":false},"excerpt":{"rendered":"<p>No dia 16 de janeiro de 2016, a pedido de Padre Camilo Pauletti, diretor das Pontif\u00edcias Obras Mission\u00e1rias \u2013 P.O.M. de Bras\u00edlia (DF), C\u00e9sar Campos diretor do Centro Mission\u00e1rio S\u00e3o Paulo \u2013 S\u00e3o Paulo (SP), no aeroporto de Guarulhos (SP), recebeu a Cruz da Evangeliza\u00e7\u00e3o das m\u00e3os da Irm\u00e3 Izabel Bitencourt Pereira \u2013 Filhas do [&hellip;]<\/p>\n","protected":false},"author":1,"featured_media":0,"comment_status":"open","ping_status":"open","sticky":false,"template":"","format":"standard","meta":{"footnotes":""},"categories":[4],"tags":[],"class_list":["post-13256","post","type-post","status-publish","format-standard","hentry","category-cotidiano"],"_links":{"self":[{"href":"https:\/\/catolicanet.net\/wp-cnet\/wp-json\/wp\/v2\/posts\/13256","targetHints":{"allow":["GET"]}}],"collection":[{"href":"https:\/\/catolicanet.net\/wp-cnet\/wp-json\/wp\/v2\/posts"}],"about":[{"href":"https:\/\/catolicanet.net\/wp-cnet\/wp-json\/wp\/v2\/types\/post"}],"author":[{"embeddable":true,"href":"https:\/\/catolicanet.net\/wp-cnet\/wp-json\/wp\/v2\/users\/1"}],"replies":[{"embeddable":true,"href":"https:\/\/catolicanet.net\/wp-cnet\/wp-json\/wp\/v2\/comments?post=13256"}],"version-history":[{"count":1,"href":"https:\/\/catolicanet.net\/wp-cnet\/wp-json\/wp\/v2\/posts\/13256\/revisions"}],"predecessor-version":[{"id":24482,"href":"https:\/\/catolicanet.net\/wp-cnet\/wp-json\/wp\/v2\/posts\/13256\/revisions\/24482"}],"wp:attachment":[{"href":"https:\/\/catolicanet.net\/wp-cnet\/wp-json\/wp\/v2\/media?parent=13256"}],"wp:term":[{"taxonomy":"category","embeddable":true,"href":"https:\/\/catolicanet.net\/wp-cnet\/wp-json\/wp\/v2\/categories?post=13256"},{"taxonomy":"post_tag","embeddable":true,"href":"https:\/\/catolicanet.net\/wp-cnet\/wp-json\/wp\/v2\/tags?post=13256"}],"curies":[{"name":"wp","href":"https:\/\/api.w.org\/{rel}","templated":true}]}}