{"id":13247,"date":"2016-02-01T13:26:09","date_gmt":"2016-02-01T15:26:09","guid":{"rendered":"http:\/\/catolicanet.net\/wp-cnet\/2016\/02\/01\/apos-15-dias-primeira-parte-do-vi-curso-de-formacao-politica-para-cristaos-leigos-e-leigas-chega-ao-fim\/"},"modified":"2017-05-26T16:18:29","modified_gmt":"2017-05-26T19:18:29","slug":"apos-15-dias-primeira-parte-do-vi-curso-de-formacao-politica-para-cristaos-leigos-e-leigas-chega-ao-fim","status":"publish","type":"post","link":"https:\/\/catolicanet.net\/wp-cnet\/apos-15-dias-primeira-parte-do-vi-curso-de-formacao-politica-para-cristaos-leigos-e-leigas-chega-ao-fim\/","title":{"rendered":"Ap\u00f3s 15 dias, primeira parte do VI Curso de Forma\u00e7\u00e3o Pol\u00edtica para Crist\u00e3os Leigos e Leigas chega ao fim"},"content":{"rendered":"<p style=\"text-align: justify;\"><img decoding=\"async\" src=\"http:\/\/catolicanet.com.br\/images\/stories\/geral\/cefep3_interna.jpg\" border=\"0\" align=\"left\" \/>Dom Severino acompanhou o entusiasmo dos alunos<\/p>\n<p>O VI Curso de Forma\u00e7\u00e3o Pol\u00edtica para Crist\u00e3os Leigos e Leigas, promovido pelo Centro Nacional de F\u00e9 e Pol\u00edtica Dom Helder C\u00e2mara (CEFEP) chegou ao fim nesta sexta-feira, dia 29 de janeiro. O curso que come\u00e7ou no dia 17 de janeiro, reuniu participantes de diversos regionais da Confer\u00eancia Nacional dos Bispos do Brasil (CNBB).<\/p>\n<p>Cerca de 47 inscritos participaram dessa primeira parte presencial, no Centro Cultural Mission\u00e1rio de Bras\u00edlia (CCM). Ao longo dos 15 dias, os alunos tiveram contato com diversas disciplinas, entre elas: F\u00e9 e Pol\u00edtica na B\u00edblia, Projeto dos Partidos Pol\u00edticos e Hist\u00f3ria da Pol\u00edtica e da Economia.<\/p>\n<p>O bispo e presidente da Comiss\u00e3o Episcopal Pastoral para o Laicato, dom Severino Clasen, acompanhou de perto o entusiasmo dos alunos. Para ele, a nova turma promete muito em esp\u00edrito de lideran\u00e7a. \u201cAt\u00e9 os professores estavam encantados com a jovialidade da turma, \u00e9 um grupo que promete muito\u201d, afirmou.<\/p>\n<p>Foi tamb\u00e9m durante o encontro, que os alunos da turma anterior apresentaram os seus projetos de conclus\u00e3o de curso. Aproximadamente 20 monografias foram analisadas e expostas para aprecia\u00e7\u00e3o da banca, composta por professores da PUC do Rio de Janeiro.<\/p>\n<p>Neste final de semana, durante os dias 29 a 31 de janeiro, o Cefep estar\u00e1 realizando o Semin\u00e1rio em comemora\u00e7\u00e3o aos 10 anos de cria\u00e7\u00e3o, no qual reunir\u00e1 todas as turmas que j\u00e1 conclu\u00edram o curso, e os atuais alunos para uma s\u00e9rie de debates. Cerca de 150 pessoas fizeram a inscri\u00e7\u00e3o e confirmaram presen\u00e7a.<br \/>Cartilha para as Elei\u00e7\u00f5es Municipais<\/p>\n<p>Na ocasi\u00e3o, membros da Comiss\u00e3o de F\u00e9 e Pol\u00edtica do Conselho Nacional do Laicato do Brasil (CNLB) em parceria com o Cefep, estiveram reunidos e elaboraram uma cartilha para as elei\u00e7\u00f5es municipais deste ano.<\/p>\n<p>Segundo dom Severino, a cartilha \u00e9 baseada no m\u00e9todo: ver, julgar e agir. Ela \u00e9 composta de orienta\u00e7\u00f5es e deve ser apresentada durante a Assembleia Geral dos Bispos do Brasil, que ser\u00e1 realizada em abril, em Aparecida, S\u00e3o Paulo. <\/p>\n<p>Fonte: CNBB<\/p>\n","protected":false},"excerpt":{"rendered":"<p>Dom Severino acompanhou o entusiasmo dos alunos O VI Curso de Forma\u00e7\u00e3o Pol\u00edtica para Crist\u00e3os Leigos e Leigas, promovido pelo Centro Nacional de F\u00e9 e Pol\u00edtica Dom Helder C\u00e2mara (CEFEP) chegou ao fim nesta sexta-feira, dia 29 de janeiro. O curso que come\u00e7ou no dia 17 de janeiro, reuniu participantes de diversos regionais da Confer\u00eancia [&hellip;]<\/p>\n","protected":false},"author":1,"featured_media":0,"comment_status":"open","ping_status":"open","sticky":false,"template":"","format":"standard","meta":{"footnotes":""},"categories":[7],"tags":[],"class_list":["post-13247","post","type-post","status-publish","format-standard","hentry","category-cnbb"],"_links":{"self":[{"href":"https:\/\/catolicanet.net\/wp-cnet\/wp-json\/wp\/v2\/posts\/13247","targetHints":{"allow":["GET"]}}],"collection":[{"href":"https:\/\/catolicanet.net\/wp-cnet\/wp-json\/wp\/v2\/posts"}],"about":[{"href":"https:\/\/catolicanet.net\/wp-cnet\/wp-json\/wp\/v2\/types\/post"}],"author":[{"embeddable":true,"href":"https:\/\/catolicanet.net\/wp-cnet\/wp-json\/wp\/v2\/users\/1"}],"replies":[{"embeddable":true,"href":"https:\/\/catolicanet.net\/wp-cnet\/wp-json\/wp\/v2\/comments?post=13247"}],"version-history":[{"count":1,"href":"https:\/\/catolicanet.net\/wp-cnet\/wp-json\/wp\/v2\/posts\/13247\/revisions"}],"predecessor-version":[{"id":23897,"href":"https:\/\/catolicanet.net\/wp-cnet\/wp-json\/wp\/v2\/posts\/13247\/revisions\/23897"}],"wp:attachment":[{"href":"https:\/\/catolicanet.net\/wp-cnet\/wp-json\/wp\/v2\/media?parent=13247"}],"wp:term":[{"taxonomy":"category","embeddable":true,"href":"https:\/\/catolicanet.net\/wp-cnet\/wp-json\/wp\/v2\/categories?post=13247"},{"taxonomy":"post_tag","embeddable":true,"href":"https:\/\/catolicanet.net\/wp-cnet\/wp-json\/wp\/v2\/tags?post=13247"}],"curies":[{"name":"wp","href":"https:\/\/api.w.org\/{rel}","templated":true}]}}