{"id":13246,"date":"2016-02-01T13:23:22","date_gmt":"2016-02-01T15:23:22","guid":{"rendered":"http:\/\/catolicanet.net\/wp-cnet\/2016\/02\/01\/sao-paulo-sedia-congresso-nacional-do-movimento-paroquial\/"},"modified":"2017-05-26T16:18:29","modified_gmt":"2017-05-26T19:18:29","slug":"sao-paulo-sedia-congresso-nacional-do-movimento-paroquial","status":"publish","type":"post","link":"https:\/\/catolicanet.net\/wp-cnet\/sao-paulo-sedia-congresso-nacional-do-movimento-paroquial\/","title":{"rendered":"S\u00e3o Paulo sedia Congresso Nacional do Movimento Paroquial"},"content":{"rendered":"<p style=\"text-align: justify;\"><img decoding=\"async\" src=\"http:\/\/catolicanet.com.br\/images\/stories\/geral\/congresso_nacionalinterna.jpg\" border=\"0\" align=\"left\" \/>Cerca de 150 pessoas participaram do evento<\/p>\n<p style=\"text-align: justify;\">Com base no tema central da Unidade e em temas pertinentes ao momento atual da Igreja, como o Ano Santo da Miseric\u00f3rdia, o Congresso Nacional do Movimento Paroquial, promovido pelo Movimento dos Focolares, foi realizado de 22 a 24 de janeiro, em Vargem Grande Paulista (SP).<\/p>\n<p>Destinado \u00e0s pessoas que ajudam nas v\u00e1rias atividades paroquiais da Igreja como a catequese, a liturgia, os cantos e as obras sociais, o evento teve como um de seus objetivos principais conhecer e refletir as diversas realidades das par\u00f3quias existentes no Brasil. <\/p>\n<p>Leigos, religiosos, seminaristas, di\u00e1conos e sacerdotes participaram do evento e acompanharam por meio de v\u00eddeo as palavras de Chiara Lubich, respons\u00e1vel por dar in\u00edcio ao Movimento Paroquial. Os padres respons\u00e1veis pela Secretaria Internacional do Movimento Paroquial, Sandro e\u00a0 Marco, e a portuguesa Sameiro tamb\u00e9m estiveram presentes.<br \/>Com informa\u00e7\u00f5es e foto do regional Sul 1<\/p>\n<p>Fonte: CNBB<\/p>\n","protected":false},"excerpt":{"rendered":"<p>Cerca de 150 pessoas participaram do evento Com base no tema central da Unidade e em temas pertinentes ao momento atual da Igreja, como o Ano Santo da Miseric\u00f3rdia, o Congresso Nacional do Movimento Paroquial, promovido pelo Movimento dos Focolares, foi realizado de 22 a 24 de janeiro, em Vargem Grande Paulista (SP). Destinado \u00e0s [&hellip;]<\/p>\n","protected":false},"author":1,"featured_media":0,"comment_status":"open","ping_status":"open","sticky":false,"template":"","format":"standard","meta":{"footnotes":""},"categories":[7],"tags":[],"class_list":["post-13246","post","type-post","status-publish","format-standard","hentry","category-cnbb"],"_links":{"self":[{"href":"https:\/\/catolicanet.net\/wp-cnet\/wp-json\/wp\/v2\/posts\/13246","targetHints":{"allow":["GET"]}}],"collection":[{"href":"https:\/\/catolicanet.net\/wp-cnet\/wp-json\/wp\/v2\/posts"}],"about":[{"href":"https:\/\/catolicanet.net\/wp-cnet\/wp-json\/wp\/v2\/types\/post"}],"author":[{"embeddable":true,"href":"https:\/\/catolicanet.net\/wp-cnet\/wp-json\/wp\/v2\/users\/1"}],"replies":[{"embeddable":true,"href":"https:\/\/catolicanet.net\/wp-cnet\/wp-json\/wp\/v2\/comments?post=13246"}],"version-history":[{"count":1,"href":"https:\/\/catolicanet.net\/wp-cnet\/wp-json\/wp\/v2\/posts\/13246\/revisions"}],"predecessor-version":[{"id":23898,"href":"https:\/\/catolicanet.net\/wp-cnet\/wp-json\/wp\/v2\/posts\/13246\/revisions\/23898"}],"wp:attachment":[{"href":"https:\/\/catolicanet.net\/wp-cnet\/wp-json\/wp\/v2\/media?parent=13246"}],"wp:term":[{"taxonomy":"category","embeddable":true,"href":"https:\/\/catolicanet.net\/wp-cnet\/wp-json\/wp\/v2\/categories?post=13246"},{"taxonomy":"post_tag","embeddable":true,"href":"https:\/\/catolicanet.net\/wp-cnet\/wp-json\/wp\/v2\/tags?post=13246"}],"curies":[{"name":"wp","href":"https:\/\/api.w.org\/{rel}","templated":true}]}}