{"id":13245,"date":"2016-02-01T13:20:08","date_gmt":"2016-02-01T15:20:08","guid":{"rendered":"http:\/\/catolicanet.net\/wp-cnet\/2016\/02\/01\/39o-romaria-da-terra-um-convite-a-cuidar-da-terra-casa-comum\/"},"modified":"2017-05-26T16:19:41","modified_gmt":"2017-05-26T19:19:41","slug":"39o-romaria-da-terra-um-convite-a-cuidar-da-terra-casa-comum","status":"publish","type":"post","link":"https:\/\/catolicanet.net\/wp-cnet\/39o-romaria-da-terra-um-convite-a-cuidar-da-terra-casa-comum\/","title":{"rendered":"39\u00aa Romaria da Terra, um convite a \u201cCuidar da Terra, Casa Comum\u201d"},"content":{"rendered":"<p style=\"text-align: justify;\"><img decoding=\"async\" src=\"http:\/\/catolicanet.com.br\/images\/stories\/geral\/39_cartaz_interna.jpg\" border=\"0\" align=\"left\" \/>Evento pretende estimular novas pr\u00e1ticas de vida, levando em considera\u00e7\u00e3o a preserva\u00e7\u00e3o do meio ambiente<\/p>\n<p>Promovido pela Comiss\u00e3o Pastoral da Terra, pelo Conselho Indigenista Mission\u00e1rio, pela diocese de Bag\u00e9 (RS) e o regional Sul 3 da Confer\u00eancia Nacional dos Bispos do Brasil (CNBB), a 39\u00aa Romaria da Terra acontecer\u00e1 em S\u00e3o Gabriel (RS), no dia 09 de fevereiro.<\/p>\n<p>Com o tema \u201cCuidar da Terra, Casa Comum\u201d, a Romaria vai celebrar os 260 anos do mart\u00edrio do \u00edndio Sep\u00e9 Tiaraj\u00fa e seus companheiros na luta pela terra e pela vida, propondo uma reflex\u00e3o sobre o cuidado com a terra diante da viol\u00eancia e da explora\u00e7\u00e3o.<\/p>\n<p>A 39\u00aa Romaria tem o objetivo de estimular as pessoas a assumirem novas pr\u00e1ticas de vida que levem em considera\u00e7\u00e3o a preserva\u00e7\u00e3o do meio ambiente e a defesa da vida. Dizer n\u00e3o ao uso de venenos, estimular a produ\u00e7\u00e3o de alimentos saud\u00e1veis, ressaltar a import\u00e2ncia da agricultura familiar e camponesa, e adotar um consumo consciente e respons\u00e1vel fazem parte da iniciativa.<br \/>Prepara\u00e7\u00e3o<\/p>\n<p>Diversas atividades antecipar\u00e3o a romaria, uma delas \u00e9 o Encontro do Povo Guarani, que ocorrer\u00e1 nos dias 05 a 07 de fevereiro e promete ser um momento de celebra\u00e7\u00e3o, articula\u00e7\u00e3o e mobiliza\u00e7\u00e3o em defesa da vida. <\/p>\n<p>J\u00e1 nos dias 07 e 08 de fevereiro, ocorrer\u00e1 o Acampamento da Juventude, um espa\u00e7o de estudo, debate, partilha de experi\u00eancias e celebra\u00e7\u00e3o, que pretende aprofundar o tema da Romaria entre os jovens. <\/p>\n<p>Ainda a partir do dia 03 de fevereiro acontece a Pedalada Caminhos de Sep\u00e9. Jovens v\u00e3o percorrer de bicicleta o trecho entre as cidades de Rio Pardo e S\u00e3o Gabriel, feito por Sep\u00e9 Tiaraj\u00fa em sua luta, para defender a terra e os direitos ind\u00edgenas. A previs\u00e3o de chegada em S\u00e3o Gabriel \u00e9 no dia 07 de fevereiro.<br \/>Outras informa\u00e7\u00f5es<\/p>\n<p>Para mais informa\u00e7\u00f5es sobre a programa\u00e7\u00e3o da Romaria, acesse a p\u00e1gina: facebook.com\/RomariadaTerradoRioGrandededoSul.<\/p>\n<p>Com informa\u00e7\u00f5es e foto do regional Sul 3<\/p>\n<p style=\"text-align: justify;\">Fonte: CNBB<\/p>\n","protected":false},"excerpt":{"rendered":"<p>Evento pretende estimular novas pr\u00e1ticas de vida, levando em considera\u00e7\u00e3o a preserva\u00e7\u00e3o do meio ambiente Promovido pela Comiss\u00e3o Pastoral da Terra, pelo Conselho Indigenista Mission\u00e1rio, pela diocese de Bag\u00e9 (RS) e o regional Sul 3 da Confer\u00eancia Nacional dos Bispos do Brasil (CNBB), a 39\u00aa Romaria da Terra acontecer\u00e1 em S\u00e3o Gabriel (RS), no dia [&hellip;]<\/p>\n","protected":false},"author":1,"featured_media":0,"comment_status":"open","ping_status":"open","sticky":false,"template":"","format":"standard","meta":{"footnotes":""},"categories":[7],"tags":[],"class_list":["post-13245","post","type-post","status-publish","format-standard","hentry","category-cnbb"],"_links":{"self":[{"href":"https:\/\/catolicanet.net\/wp-cnet\/wp-json\/wp\/v2\/posts\/13245","targetHints":{"allow":["GET"]}}],"collection":[{"href":"https:\/\/catolicanet.net\/wp-cnet\/wp-json\/wp\/v2\/posts"}],"about":[{"href":"https:\/\/catolicanet.net\/wp-cnet\/wp-json\/wp\/v2\/types\/post"}],"author":[{"embeddable":true,"href":"https:\/\/catolicanet.net\/wp-cnet\/wp-json\/wp\/v2\/users\/1"}],"replies":[{"embeddable":true,"href":"https:\/\/catolicanet.net\/wp-cnet\/wp-json\/wp\/v2\/comments?post=13245"}],"version-history":[{"count":1,"href":"https:\/\/catolicanet.net\/wp-cnet\/wp-json\/wp\/v2\/posts\/13245\/revisions"}],"predecessor-version":[{"id":23899,"href":"https:\/\/catolicanet.net\/wp-cnet\/wp-json\/wp\/v2\/posts\/13245\/revisions\/23899"}],"wp:attachment":[{"href":"https:\/\/catolicanet.net\/wp-cnet\/wp-json\/wp\/v2\/media?parent=13245"}],"wp:term":[{"taxonomy":"category","embeddable":true,"href":"https:\/\/catolicanet.net\/wp-cnet\/wp-json\/wp\/v2\/categories?post=13245"},{"taxonomy":"post_tag","embeddable":true,"href":"https:\/\/catolicanet.net\/wp-cnet\/wp-json\/wp\/v2\/tags?post=13245"}],"curies":[{"name":"wp","href":"https:\/\/api.w.org\/{rel}","templated":true}]}}