{"id":13241,"date":"2016-02-01T13:07:25","date_gmt":"2016-02-01T15:07:25","guid":{"rendered":"http:\/\/catolicanet.net\/wp-cnet\/2016\/02\/01\/jesus-e-rejeitado\/"},"modified":"2017-05-08T16:23:38","modified_gmt":"2017-05-08T19:23:38","slug":"jesus-e-rejeitado","status":"publish","type":"post","link":"https:\/\/catolicanet.net\/wp-cnet\/jesus-e-rejeitado\/","title":{"rendered":"Jesus \u00e9 rejeitado"},"content":{"rendered":"<p style=\"text-align: justify;\">O trecho do Evangelho de Lucas 4,14 \u2013 30 \u00e9 uma s\u00edntese de tudo o que aconteceu na vida e a\u00e7\u00e3o de Jesus. Lucas quis, desde o in\u00edcio da atividade de Jesus, mostrar o que acontece ao longo de todo o Evangelho e o que acontece, tamb\u00e9m, na caminhada das comunidades crist\u00e3s: a mensagem de liberta\u00e7\u00e3o encontra forte resist\u00eancia e rejei\u00e7\u00e3o, Quem n\u00e3o admite que a Boa Not\u00edcia seja anunciada aos pobres, os que n\u00e3o querem ver os oprimidos libertados, os que n\u00e3o desejam ver livres os prisioneiros perseguem at\u00e9 a morte os promotores da liberta\u00e7\u00e3o. Isso, segundo Lucas, aconteceu com Jesus j\u00e1 no in\u00edcio de sua atividade libertadora, na sua terra, no meio do seu povo. De fato, segundo os estudiosos, o texto do quarto domingo do Tempo Comum \u00e9 s\u00edntese de pelo menos tr\u00eas visitas de Jesus a sua terra. O evangelista fez com que essas tr\u00eas visitas sucessivas se tornassem uma s\u00f3, de modo que, ao rejeitar Jesus e sua mensagem de liberta\u00e7\u00e3o, o povo de Nazar\u00e9 perde para sempre a possibilidade de ser crist\u00e3o autentico. A rejei\u00e7\u00e3o de Jesus pelo povo de Nazar\u00e9 \u00e9 violenta: com isto perdeu a oportunidade de estar em contato com o libertador e salvador, excluindo-se do \u201choje\u201d do Deus que age na hist\u00f3ria.<br \/>A rea\u00e7\u00e3o dos habitantes de o projeto de Jesus \u00e9 libertar os empobrecidos e marginalizados. Mas seu programa de vida encontra fortes rejei\u00e7\u00f5es. E n\u00e3o se trata de simples discuss\u00e3o em torno de pontos de vista. A rejei\u00e7\u00e3o de Jesus e seu projeto culmina em Jerusal\u00e9m, onde Ele \u00e9 crucificado e morto por seus opositores.<br \/>A situa\u00e7\u00e3o de Jesus \u00e9 semelhante \u00e0 dos profetas antigos, rejeitados por seus conterr\u00e2neos.<br \/>Para Lucas, a rejei\u00e7\u00e3o de Jesus em Nazar\u00e9 serve de ocasi\u00e3o para manifestar que Deus n\u00e3o pode ser condicionado a um povo ou ra\u00e7a.<br \/>A rea\u00e7\u00e3o dos habitantes de Nazar\u00e9 \u00e9 violenta: rejeitam Jesus e seu programa de liberta\u00e7\u00e3o, tentando precipit\u00e1-lo de um monte. Jesus est\u00e1 sendo rejeitado enquanto profeta do Pai. Ele \u00e9 rejeitado por se apresentar como aquele que renova os prod\u00edgios do Deus que libertou Israel da escravid\u00e3o eg\u00edpcia. Mas \u00e9 imposs\u00edvel deter o processo de liberta\u00e7\u00e3o: \u201cJesus, por\u00e9m, passando pelo meio deles, continuou o seu caminho\u201d.<\/p>\n","protected":false},"excerpt":{"rendered":"<p>O trecho do Evangelho de Lucas 4,14 \u2013 30 \u00e9 uma s\u00edntese de tudo o que aconteceu na vida e a\u00e7\u00e3o de Jesus. Lucas quis, desde o in\u00edcio da atividade de Jesus, mostrar o que acontece ao longo de todo o Evangelho e o que acontece, tamb\u00e9m, na caminhada das comunidades crist\u00e3s: a mensagem de [&hellip;]<\/p>\n","protected":false},"author":10,"featured_media":0,"comment_status":"open","ping_status":"open","sticky":false,"template":"","format":"standard","meta":{"footnotes":""},"categories":[9],"tags":[],"class_list":["post-13241","post","type-post","status-publish","format-standard","hentry","category-artigos"],"_links":{"self":[{"href":"https:\/\/catolicanet.net\/wp-cnet\/wp-json\/wp\/v2\/posts\/13241","targetHints":{"allow":["GET"]}}],"collection":[{"href":"https:\/\/catolicanet.net\/wp-cnet\/wp-json\/wp\/v2\/posts"}],"about":[{"href":"https:\/\/catolicanet.net\/wp-cnet\/wp-json\/wp\/v2\/types\/post"}],"author":[{"embeddable":true,"href":"https:\/\/catolicanet.net\/wp-cnet\/wp-json\/wp\/v2\/users\/10"}],"replies":[{"embeddable":true,"href":"https:\/\/catolicanet.net\/wp-cnet\/wp-json\/wp\/v2\/comments?post=13241"}],"version-history":[{"count":1,"href":"https:\/\/catolicanet.net\/wp-cnet\/wp-json\/wp\/v2\/posts\/13241\/revisions"}],"predecessor-version":[{"id":21724,"href":"https:\/\/catolicanet.net\/wp-cnet\/wp-json\/wp\/v2\/posts\/13241\/revisions\/21724"}],"wp:attachment":[{"href":"https:\/\/catolicanet.net\/wp-cnet\/wp-json\/wp\/v2\/media?parent=13241"}],"wp:term":[{"taxonomy":"category","embeddable":true,"href":"https:\/\/catolicanet.net\/wp-cnet\/wp-json\/wp\/v2\/categories?post=13241"},{"taxonomy":"post_tag","embeddable":true,"href":"https:\/\/catolicanet.net\/wp-cnet\/wp-json\/wp\/v2\/tags?post=13241"}],"curies":[{"name":"wp","href":"https:\/\/api.w.org\/{rel}","templated":true}]}}