{"id":13224,"date":"2016-01-29T12:08:37","date_gmt":"2016-01-29T14:08:37","guid":{"rendered":"http:\/\/catolicanet.net\/wp-cnet\/2016\/01\/29\/igreja-na-colombia-pede-que-farc-entreguem-as-armas\/"},"modified":"2017-06-02T10:57:01","modified_gmt":"2017-06-02T13:57:01","slug":"igreja-na-colombia-pede-que-farc-entreguem-as-armas","status":"publish","type":"post","link":"https:\/\/catolicanet.net\/wp-cnet\/igreja-na-colombia-pede-que-farc-entreguem-as-armas\/","title":{"rendered":"Igreja na Col\u00f4mbia pede que FARC entreguem as armas"},"content":{"rendered":"<p style=\"text-align: justify;\"><img decoding=\"async\" src=\"http:\/\/catolicanet.com.br\/images\/stories\/geral\/afp4917250_articolo.jpg\" border=\"0\" align=\"left\" \/>O Arcebispo de Tunja e Presidente da Confer\u00eancia Episcopal Colombiana, Dom Luis Augusto Castro Quiroga, expressou os votos de que as FARC entreguem as armas e acrescentou que as mesmas devem ser destru\u00eddas se quiserem fazer parte de um aut\u00eantico processo pol\u00edtico.<\/p>\n<p>Dom Castro Quiroga explica: &#8220;Se as FARC entregarem as armas, ser\u00e1 algo muito importante, simplesmente porque n\u00e3o se pode ter um movimento pol\u00edtico armado, algo que as FARC sempre foram, portanto o maior sinal que devem dar \u00e9 exatamente este, fazer um passo na dire\u00e7\u00e3o oposta se querem realmente a paz&#8221;.<\/p>\n<p>Democracia<\/p>\n<p>Dom Castro Quiroga acrescenta: &#8220;Em nenhum lugar, num pa\u00eds democr\u00e1tico, se pode pensar em fazer pol\u00edtica defendendo os pr\u00f3prios pontos de vista com as armas, algo que de democr\u00e1tico n\u00e3o tem nada. Portanto, \u00e9 muito importante entregar as armas ou fazer de modo a destrui-las ou encontrar outro fim, mas \u00e9 importante que eles n\u00e3o continuem tendo-as \u00e0 disposi\u00e7\u00e3o&#8221;.<\/p>\n<p>O Presidente da Confer\u00eancia Episcopal fez essas declara\u00e7\u00f5es depois da coletiva de imprensa convocada para anunciar a visita pastoral do Papa Francisco na Col\u00f4mbia para o primeiro semestre de 2017.<\/p>\n<p>Papa na Col\u00f4mbia<\/p>\n<p>&#8220;A inten\u00e7\u00e3o prim\u00e1ria deste encontro \u00e9 confirmar a visita, mas ao mesmo tempo esclarecer a todos que n\u00e3o h\u00e1 nenhuma agenda ou programa, n\u00e3o foi estabelecido onde o Santo Padre ir\u00e1: digo isto pelas not\u00edcias divulgadas em algumas cidades da Col\u00f4mbia para iniciar os preparativos&#8221;, disse.<\/p>\n<p>&#8220;O Papa quer encontrar o maior n\u00famero poss\u00edvel de colombianos, portanto, n\u00e3o se pode faz\u00ea-lo num santu\u00e1rio ou numa igreja, por mais importante que seja&#8221;, reitera Dom Castro Quiroga, que concluiu: &#8220;O Santo Padre acompanha o processo de paz e est\u00e1 interessado em como evitar as puni\u00e7\u00f5es do c\u00e1rcere e apoia uma justi\u00e7a de transi\u00e7\u00e3o&#8221;.<\/p>\n<p style=\"text-align: justify;\">Fonte: R\u00e1dio Vaticano<\/p>\n","protected":false},"excerpt":{"rendered":"<p>O Arcebispo de Tunja e Presidente da Confer\u00eancia Episcopal Colombiana, Dom Luis Augusto Castro Quiroga, expressou os votos de que as FARC entreguem as armas e acrescentou que as mesmas devem ser destru\u00eddas se quiserem fazer parte de um aut\u00eantico processo pol\u00edtico. Dom Castro Quiroga explica: &#8220;Se as FARC entregarem as armas, ser\u00e1 algo muito [&hellip;]<\/p>\n","protected":false},"author":1,"featured_media":0,"comment_status":"open","ping_status":"open","sticky":false,"template":"","format":"standard","meta":{"footnotes":""},"categories":[3],"tags":[],"class_list":["post-13224","post","type-post","status-publish","format-standard","hentry","category-vaticano"],"_links":{"self":[{"href":"https:\/\/catolicanet.net\/wp-cnet\/wp-json\/wp\/v2\/posts\/13224","targetHints":{"allow":["GET"]}}],"collection":[{"href":"https:\/\/catolicanet.net\/wp-cnet\/wp-json\/wp\/v2\/posts"}],"about":[{"href":"https:\/\/catolicanet.net\/wp-cnet\/wp-json\/wp\/v2\/types\/post"}],"author":[{"embeddable":true,"href":"https:\/\/catolicanet.net\/wp-cnet\/wp-json\/wp\/v2\/users\/1"}],"replies":[{"embeddable":true,"href":"https:\/\/catolicanet.net\/wp-cnet\/wp-json\/wp\/v2\/comments?post=13224"}],"version-history":[{"count":1,"href":"https:\/\/catolicanet.net\/wp-cnet\/wp-json\/wp\/v2\/posts\/13224\/revisions"}],"predecessor-version":[{"id":28026,"href":"https:\/\/catolicanet.net\/wp-cnet\/wp-json\/wp\/v2\/posts\/13224\/revisions\/28026"}],"wp:attachment":[{"href":"https:\/\/catolicanet.net\/wp-cnet\/wp-json\/wp\/v2\/media?parent=13224"}],"wp:term":[{"taxonomy":"category","embeddable":true,"href":"https:\/\/catolicanet.net\/wp-cnet\/wp-json\/wp\/v2\/categories?post=13224"},{"taxonomy":"post_tag","embeddable":true,"href":"https:\/\/catolicanet.net\/wp-cnet\/wp-json\/wp\/v2\/tags?post=13224"}],"curies":[{"name":"wp","href":"https:\/\/api.w.org\/{rel}","templated":true}]}}