{"id":13199,"date":"2016-01-27T17:29:54","date_gmt":"2016-01-27T19:29:54","guid":{"rendered":"http:\/\/catolicanet.net\/wp-cnet\/2016\/01\/27\/africanigeria-punir-os-culpados-com-a-justica-basta-com-vitimas-inocentes-pedem-os-bispos\/"},"modified":"2017-05-31T13:05:20","modified_gmt":"2017-05-31T16:05:20","slug":"africanigeria-punir-os-culpados-com-a-justica-basta-com-vitimas-inocentes-pedem-os-bispos","status":"publish","type":"post","link":"https:\/\/catolicanet.net\/wp-cnet\/africanigeria-punir-os-culpados-com-a-justica-basta-com-vitimas-inocentes-pedem-os-bispos\/","title":{"rendered":"\u00c1FRICA\/NIG\u00c9RIA &#8211; \u201cPunir os culpados com a justi\u00e7a, basta com v\u00edtimas inocentes\u201d, pedem os Bispos"},"content":{"rendered":"<p style=\"text-align: justify;\">Abuja (Ag\u00eancia Fides) \u2013 \u201cPunir os verdadeiros culpados do terrorismo e da corrup\u00e7\u00e3o e evitar v\u00edtimas inocentes\u201d. \u00c9 o que pedem os bispos nigerianos da Prov\u00edncia Eclesi\u00e1stica de Ibadan em um comunicado enviado \u00e0 Ag\u00eancia Fides, no final de sua primeira Assembleia Plen\u00e1ria de 2016.<br \/>Os Bispos observam que a opini\u00e3o p\u00fablica parece saudar positivamente as medidas tomadas pelo Presidente Muhammadu Buhari \u201cem duas \u00e1reas cr\u00edticas para a vida de nosso pa\u00eds: o surgimento do Boko Haram e corrup\u00e7\u00e3o\u201d.<br \/>O documento manifesta o seu apre\u00e7o pelo trabalho da pol\u00edcia e das for\u00e7as armadas nigerianas em recuperar terreno na luta contra o Boko Haram, permitindo o retorno de muitos deslocados \u00e0s suas casas. Depois de pedir ao governo que permane\u00e7a vigilante para evitar \u201cum retorno aos piores dias da guerrilha\u201d, os Bispos esperam que \u201cse evite punir pessoas inocentes pelos crimes cometidos pelos insurgentes\u201d.<br \/>Em termos do combate \u00e0 corrup\u00e7\u00e3o pedem, por um lado para colocar fim \u00e0 impunidade de que parecem desfrutar de v\u00e1rios funcion\u00e1rios p\u00fablicos, por outro para \u201cpreservar os direitos e a dignidade dos acusados. Isso deriva da dignidade de cada ser humano, criado \u00e0 imagem de Deus, e da necessidade da Nig\u00e9ria romper com os elementos de impunidade do passado\u201d.<br \/>A crise econ\u00f4mica que atingiu a Nig\u00e9ria por causa da queda dos pre\u00e7os internacionais do petr\u00f3leo est\u00e1 tendo um impacto negativo no setor p\u00fablico. Os bispos fazem um apelo pelo pagamento dos sal\u00e1rios dos trabalhadores pedindo \u201caos nossos l\u00edderes que evitem qualquer forma de amea\u00e7a, arrog\u00e2ncia e impunidade na resposta a estes delicados desafios p\u00fablicos. V\u00e1rias pessoas est\u00e3o carregando o peso da situa\u00e7\u00e3o econ\u00f4mica atual e os nossos l\u00edderes n\u00e3o devem acrescentar outros traumas emocionais a seu fardo\u201d.<\/p>\n<p style=\"text-align: justify;\">Fonte: Ag\u00eancia Fides.<\/p>\n","protected":false},"excerpt":{"rendered":"<p>Abuja (Ag\u00eancia Fides) \u2013 \u201cPunir os verdadeiros culpados do terrorismo e da corrup\u00e7\u00e3o e evitar v\u00edtimas inocentes\u201d. \u00c9 o que pedem os bispos nigerianos da Prov\u00edncia Eclesi\u00e1stica de Ibadan em um comunicado enviado \u00e0 Ag\u00eancia Fides, no final de sua primeira Assembleia Plen\u00e1ria de 2016.Os Bispos observam que a opini\u00e3o p\u00fablica parece saudar positivamente as [&hellip;]<\/p>\n","protected":false},"author":1,"featured_media":0,"comment_status":"open","ping_status":"open","sticky":false,"template":"","format":"standard","meta":{"footnotes":""},"categories":[4],"tags":[],"class_list":["post-13199","post","type-post","status-publish","format-standard","hentry","category-cotidiano"],"_links":{"self":[{"href":"https:\/\/catolicanet.net\/wp-cnet\/wp-json\/wp\/v2\/posts\/13199","targetHints":{"allow":["GET"]}}],"collection":[{"href":"https:\/\/catolicanet.net\/wp-cnet\/wp-json\/wp\/v2\/posts"}],"about":[{"href":"https:\/\/catolicanet.net\/wp-cnet\/wp-json\/wp\/v2\/types\/post"}],"author":[{"embeddable":true,"href":"https:\/\/catolicanet.net\/wp-cnet\/wp-json\/wp\/v2\/users\/1"}],"replies":[{"embeddable":true,"href":"https:\/\/catolicanet.net\/wp-cnet\/wp-json\/wp\/v2\/comments?post=13199"}],"version-history":[{"count":1,"href":"https:\/\/catolicanet.net\/wp-cnet\/wp-json\/wp\/v2\/posts\/13199\/revisions"}],"predecessor-version":[{"id":26519,"href":"https:\/\/catolicanet.net\/wp-cnet\/wp-json\/wp\/v2\/posts\/13199\/revisions\/26519"}],"wp:attachment":[{"href":"https:\/\/catolicanet.net\/wp-cnet\/wp-json\/wp\/v2\/media?parent=13199"}],"wp:term":[{"taxonomy":"category","embeddable":true,"href":"https:\/\/catolicanet.net\/wp-cnet\/wp-json\/wp\/v2\/categories?post=13199"},{"taxonomy":"post_tag","embeddable":true,"href":"https:\/\/catolicanet.net\/wp-cnet\/wp-json\/wp\/v2\/tags?post=13199"}],"curies":[{"name":"wp","href":"https:\/\/api.w.org\/{rel}","templated":true}]}}