{"id":13193,"date":"2016-01-27T16:35:00","date_gmt":"2016-01-27T18:35:00","guid":{"rendered":"http:\/\/catolicanet.net\/wp-cnet\/2016\/01\/27\/semana-missionaria-tem-inicio-em-chapadinha-ma\/"},"modified":"2017-05-26T16:19:43","modified_gmt":"2017-05-26T19:19:43","slug":"semana-missionaria-tem-inicio-em-chapadinha-ma","status":"publish","type":"post","link":"https:\/\/catolicanet.net\/wp-cnet\/semana-missionaria-tem-inicio-em-chapadinha-ma\/","title":{"rendered":"Semana Mission\u00e1ria tem in\u00edcio em Chapadinha (MA)"},"content":{"rendered":"<p style=\"text-align: justify;\"><img decoding=\"async\" src=\"http:\/\/catolicanet.com.br\/images\/stories\/geral\/chapadinha_interna.jpg\" border=\"0\" align=\"left\" \/>Cerca de 400 mission\u00e1rios visitar\u00e3o \u00e0s comunidades da regi\u00e3o<\/p>\n<p>Com o tema: \u201cDesperta tu que dormes\u201d, a Semana Mission\u00e1ria de Chapadinha (MA), teve in\u00edcio no dia 22 de janeiro. <\/p>\n<p>Cerca de 400 mission\u00e1rios vindos das dioceses de Brejo, Coroat\u00e1, Z\u00e9 Doca e das arquidioceses de Parna\u00edba (PI), Jundia\u00ed (SP), Mogi das Cruzes (SP), Fortaleza (CE) e S\u00e3o Lu\u00eds (MA) participaram da abertura do evento, na Par\u00f3quia Nossa Senhora das Dores. O bispo de Brejo, dom Jos\u00e9 Valdeci, presidiu a missa de abertura da Semana, marcando o envio dos mission\u00e1rios \u00e0s comunidades.<br \/>Miss\u00e3o <\/p>\n<p>Entre os dias 25 a 31 de janeiro, os mission\u00e1rios visitar\u00e3o 21 setores e 120 comunidades da regi\u00e3o. No total, mais de 20.000 lares receber\u00e3o os mission\u00e1rios. Durante toda a semana, haver\u00e1 caminhadas, visitas, celebra\u00e7\u00f5es, vig\u00edlias e ora\u00e7\u00f5es.<\/p>\n<p>Confira a programa\u00e7\u00e3o da Semana, no site da diocese de Brejo.<\/p>\n<p style=\"text-align: justify;\">Com informa\u00e7\u00f5es e foto da diocese de Brejo<\/p>\n<p style=\"text-align: justify;\">Fonte: CNBB<\/p>\n","protected":false},"excerpt":{"rendered":"<p>Cerca de 400 mission\u00e1rios visitar\u00e3o \u00e0s comunidades da regi\u00e3o Com o tema: \u201cDesperta tu que dormes\u201d, a Semana Mission\u00e1ria de Chapadinha (MA), teve in\u00edcio no dia 22 de janeiro. Cerca de 400 mission\u00e1rios vindos das dioceses de Brejo, Coroat\u00e1, Z\u00e9 Doca e das arquidioceses de Parna\u00edba (PI), Jundia\u00ed (SP), Mogi das Cruzes (SP), Fortaleza (CE) [&hellip;]<\/p>\n","protected":false},"author":1,"featured_media":0,"comment_status":"open","ping_status":"open","sticky":false,"template":"","format":"standard","meta":{"footnotes":""},"categories":[7],"tags":[],"class_list":["post-13193","post","type-post","status-publish","format-standard","hentry","category-cnbb"],"_links":{"self":[{"href":"https:\/\/catolicanet.net\/wp-cnet\/wp-json\/wp\/v2\/posts\/13193","targetHints":{"allow":["GET"]}}],"collection":[{"href":"https:\/\/catolicanet.net\/wp-cnet\/wp-json\/wp\/v2\/posts"}],"about":[{"href":"https:\/\/catolicanet.net\/wp-cnet\/wp-json\/wp\/v2\/types\/post"}],"author":[{"embeddable":true,"href":"https:\/\/catolicanet.net\/wp-cnet\/wp-json\/wp\/v2\/users\/1"}],"replies":[{"embeddable":true,"href":"https:\/\/catolicanet.net\/wp-cnet\/wp-json\/wp\/v2\/comments?post=13193"}],"version-history":[{"count":1,"href":"https:\/\/catolicanet.net\/wp-cnet\/wp-json\/wp\/v2\/posts\/13193\/revisions"}],"predecessor-version":[{"id":23906,"href":"https:\/\/catolicanet.net\/wp-cnet\/wp-json\/wp\/v2\/posts\/13193\/revisions\/23906"}],"wp:attachment":[{"href":"https:\/\/catolicanet.net\/wp-cnet\/wp-json\/wp\/v2\/media?parent=13193"}],"wp:term":[{"taxonomy":"category","embeddable":true,"href":"https:\/\/catolicanet.net\/wp-cnet\/wp-json\/wp\/v2\/categories?post=13193"},{"taxonomy":"post_tag","embeddable":true,"href":"https:\/\/catolicanet.net\/wp-cnet\/wp-json\/wp\/v2\/tags?post=13193"}],"curies":[{"name":"wp","href":"https:\/\/api.w.org\/{rel}","templated":true}]}}