{"id":13188,"date":"2016-01-27T13:53:26","date_gmt":"2016-01-27T15:53:26","guid":{"rendered":"http:\/\/catolicanet.net\/wp-cnet\/2016\/01\/27\/o-decreto-apostolicam-actuositatem-sobre-o-apostolado-dos-leigos\/"},"modified":"2017-06-02T11:27:08","modified_gmt":"2017-06-02T14:27:08","slug":"o-decreto-apostolicam-actuositatem-sobre-o-apostolado-dos-leigos","status":"publish","type":"post","link":"https:\/\/catolicanet.net\/wp-cnet\/o-decreto-apostolicam-actuositatem-sobre-o-apostolado-dos-leigos\/","title":{"rendered":"O Decreto Apostolicam actuositatem sobre o Apostolado dos Leigos"},"content":{"rendered":"<p style=\"text-align: justify;\"><img decoding=\"async\" src=\"http:\/\/catolicanet.com.br\/images\/stories\/geral\/afp3218246_articolo.jpg\" border=\"0\" align=\"left\" \/>Em nosso espa\u00e7o Mem\u00f3ria Hist\u00f3rica &#8211; 50 anos do Conc\u00edlio Vaticano II, vamos continuar a tratar sobre os documentos conciliares, apresentando na edi\u00e7\u00e3o de hoje, o Decreto Apostolicam actuositatem sobre o Apostolado dos Leigos.<\/p>\n<p>O Decreto Apostolicam actuositatem foi promulgado pelo Papa Paulo VI em 18 de novembro de 1965. Dividido em seis cap\u00edtulos, o documento inicia falando sobre a import\u00e2ncia e a atualidade do apostolado dos leigos na vida da Igreja e conclui com uma exorta\u00e7\u00e3o \u00e0 generosidade: &#8220;Por isso, o sagrado Conc\u00edlio pede instantemente no Senhor a todos os leigos, que respondam com decis\u00e3o de vontade, \u00e2nimo generoso e disponibilidade de cora\u00e7\u00e3o \u00e0 voz de Cristo, que nesta hora os convida com maior insist\u00eancia, e ao impulso do Esp\u00edrito Santo. Os mais novos tomem como dirigido a si de modo particular este chamado, e recebam-no com alegria e magnanimidade. Com efeito, \u00e9 o pr\u00f3prio Senhor que, por meio do sagrado Conc\u00edlio, mais uma vez convida todos os leigos a que se unam a Ele cada vez mais intimamente, e sentindo como pr\u00f3prio o que \u00e9 dele, se associem \u00e0 sua miss\u00e3o salvadora&#8221;.<\/p>\n<p>Quem nos apresenta o Decreto Apostolicam actuositatem, \u00e9 o Presidente da Comiss\u00e3o Episcopal para o Laicato da CNBB e Bispo de Ca\u00e7ador (SC), Dom Severino Clasen:<\/p>\n<p>&#8220;\u00c9 um documento que nasce a partir dos outros documentos da Igreja. S\u00e3o diversos que ao longo da hist\u00f3ria da Igreja v\u00e3o sendo produzidos para a participa\u00e7\u00e3o dos crist\u00e3os na Igreja e na sociedade. Por exemplo, antes do Conc\u00edlio Vaticano II, temos alguns documentos tipo Aeterni patris de 1879, depois 1891 temos a Rerum Novarum. S\u00e3o grandes documentos que falam da participa\u00e7\u00e3o dos leigos na sociedade e o mundo como caminha nas suas grandes transforma\u00e7\u00f5es. Assim tamb\u00e9m, no Concilio Ecum\u00eanico Vaticano II, com a produ\u00e7\u00e3o dos diversos documentos que temos a\u00ed, vamos citar\u00a0 sobretudo a Lumen Gentium e a Gaudium et spes, que fala da Igreja e sua miss\u00e3o no mundo, e tamb\u00e9m a Igreja e a transforma\u00e7\u00e3o da sociedade, a doutrina e tudo mais. Dentro destes documentos, surge este documento do apostolado dos crist\u00e3os leigos e leigas, a miss\u00e3o deles na Igreja e na sociedade. Claro, que este decreto teve grandes discuss\u00f5es. N\u00f3s podemos imaginar, quando mais de 2.500 bispos reunidos neste Conc\u00edlio, alguma coisa tem que se produzir de alto n\u00edvel. E o pensamento do Conc\u00edlio Ecum\u00eanico Vaticano II, produziu aquela ideia &#8220;Igreja,\u00a0 povo de Deus&#8221;. Uma nova maneira de interpretar, de entender a Igreja. A valoriza\u00e7\u00e3o dos crist\u00e3os leigos e leigas. E como j\u00e1 havia na \u00e9poca, antes da guerra e depois no p\u00f3s-II Guerra Mundial, muitos documentos que come\u00e7am a surgir a a\u00e7\u00e3o dos leigos. Temos a\u00ed a A\u00e7\u00e3o Cat\u00f3lica. N\u00f3s aqui no Brasil, depois n\u00f3s temos a A\u00e7\u00e3o Cat\u00f3lica, temos diversos grupos, a A\u00e7\u00e3o da Juventude. Eram express\u00f5es de grupos de leigos, tentando mostrar a sua participa\u00e7\u00e3o e comprometimento com o an\u00fancio do Evangelho de Jesus Cristo. Ent\u00e3o nesta miscel\u00e2nea de iniciativas, tentativas que j\u00e1 se encontrava e a Igreja gemendo, diria assim, como dores de parto, na necessidade de uma mudan\u00e7a, de uma transforma\u00e7\u00e3o e tudo mais. E por isto o Conc\u00edlio Ecum\u00eanico Vaticano II percebeu que n\u00e3o tem como produzir um Conc\u00edlio sem falar de Leigos. E para dar um destaque especial, a\u00ed surge este documento. Foi preparado e at\u00e9 quando foi aprovado em 1965, mais precisamente foi no dia 18 de novembro, quando inclusive a Comiss\u00e3o do Laicato no Brasil celebrou, fez uma dedica\u00e7\u00e3o sobre isto, para que de fato a gente colocasse esta ideia da participa\u00e7\u00e3o dos crist\u00e3os leigos e leigas\u201d.<\/p>\n<p style=\"text-align: justify;\">Fonte: R\u00e1dio Vaticano<\/p>\n","protected":false},"excerpt":{"rendered":"<p>Em nosso espa\u00e7o Mem\u00f3ria Hist\u00f3rica &#8211; 50 anos do Conc\u00edlio Vaticano II, vamos continuar a tratar sobre os documentos conciliares, apresentando na edi\u00e7\u00e3o de hoje, o Decreto Apostolicam actuositatem sobre o Apostolado dos Leigos. O Decreto Apostolicam actuositatem foi promulgado pelo Papa Paulo VI em 18 de novembro de 1965. Dividido em seis cap\u00edtulos, o [&hellip;]<\/p>\n","protected":false},"author":1,"featured_media":0,"comment_status":"open","ping_status":"open","sticky":false,"template":"","format":"standard","meta":{"footnotes":""},"categories":[3],"tags":[],"class_list":["post-13188","post","type-post","status-publish","format-standard","hentry","category-vaticano"],"_links":{"self":[{"href":"https:\/\/catolicanet.net\/wp-cnet\/wp-json\/wp\/v2\/posts\/13188","targetHints":{"allow":["GET"]}}],"collection":[{"href":"https:\/\/catolicanet.net\/wp-cnet\/wp-json\/wp\/v2\/posts"}],"about":[{"href":"https:\/\/catolicanet.net\/wp-cnet\/wp-json\/wp\/v2\/types\/post"}],"author":[{"embeddable":true,"href":"https:\/\/catolicanet.net\/wp-cnet\/wp-json\/wp\/v2\/users\/1"}],"replies":[{"embeddable":true,"href":"https:\/\/catolicanet.net\/wp-cnet\/wp-json\/wp\/v2\/comments?post=13188"}],"version-history":[{"count":1,"href":"https:\/\/catolicanet.net\/wp-cnet\/wp-json\/wp\/v2\/posts\/13188\/revisions"}],"predecessor-version":[{"id":28203,"href":"https:\/\/catolicanet.net\/wp-cnet\/wp-json\/wp\/v2\/posts\/13188\/revisions\/28203"}],"wp:attachment":[{"href":"https:\/\/catolicanet.net\/wp-cnet\/wp-json\/wp\/v2\/media?parent=13188"}],"wp:term":[{"taxonomy":"category","embeddable":true,"href":"https:\/\/catolicanet.net\/wp-cnet\/wp-json\/wp\/v2\/categories?post=13188"},{"taxonomy":"post_tag","embeddable":true,"href":"https:\/\/catolicanet.net\/wp-cnet\/wp-json\/wp\/v2\/tags?post=13188"}],"curies":[{"name":"wp","href":"https:\/\/api.w.org\/{rel}","templated":true}]}}