{"id":13174,"date":"2016-01-26T15:52:26","date_gmt":"2016-01-26T17:52:26","guid":{"rendered":"http:\/\/catolicanet.net\/wp-cnet\/2016\/01\/26\/americamexico-nao-se-pode-falar-de-milhoes-quando-o-nosso-povo-e-pobre-dom-armendariz-jimenez-sobre-os-financiamentos-aos-partidos\/"},"modified":"2017-05-31T13:06:49","modified_gmt":"2017-05-31T16:06:49","slug":"americamexico-nao-se-pode-falar-de-milhoes-quando-o-nosso-povo-e-pobre-dom-armendariz-jimenez-sobre-os-financiamentos-aos-partidos","status":"publish","type":"post","link":"https:\/\/catolicanet.net\/wp-cnet\/americamexico-nao-se-pode-falar-de-milhoes-quando-o-nosso-povo-e-pobre-dom-armendariz-jimenez-sobre-os-financiamentos-aos-partidos\/","title":{"rendered":"AM\u00c9RICA\/M\u00c9XICO &#8211; \u201cN\u00e3o se pode falar de milh\u00f5es quando o nosso povo \u00e9 pobre\u201d: Dom Armend\u00e1riz Jim\u00e9nez sobre os financiamentos aos partidos"},"content":{"rendered":"<p style=\"text-align: justify;\"><img decoding=\"async\" src=\"http:\/\/catolicanet.com.br\/images\/stories\/geral\/primopiano_918.jpg\" border=\"0\" align=\"left\" \/>Quer\u00e9taro (Ag\u00eancia Fides) \u2013 \u201cVale a pena fazer uma lista do que se fazer com todo esse dinheiro&#8230;Diante da abund\u00e2ncia de dinheiro, creio que devemos exigir servi\u00e7os l\u00e1 onde n\u00e3o existem, se devem exigir centros de sa\u00fade onde faltam, se devem tamb\u00e9m assistir os que querem um trabalho, penso que muitas coisas podem ser feitas e dar prioridade \u00e0 pobreza. N\u00e3o se pode falar de milh\u00f5es quando nosso povo \u00e9 pobre&#8221;.<br \/>Assim se expressou Dom Faustino Armend\u00e1riz Jim\u00e9nez, Bispo de Quer\u00e9taro, depois da celebra\u00e7\u00e3o do dia dos comunicadores, durante um col\u00f3quio com os jornalistas locais no dia 24 de janeiro.<br \/>O Bispo respondeu a uma pergunta sobre a grande quantidade de dinheiro que dever\u00e3o receber os partidos pol\u00edticos este ano, que n\u00e3o \u00e9 de campanha eleitoral: a cifra gira em torno de 60 milh\u00f5es de pesos mexicanos (cerca 3 milh\u00f5es de euros), o que provoca esc\u00e2ndalo na opini\u00e3o p\u00fablica. Dom Armend\u00e1riz Jim\u00e9nez comentou que &#8220;esses recursos poderiam ser destinados ao campo social, porque sabemos que ainda falta muito para as elei\u00e7\u00f5es de 2018&#8221;.<br \/>Os partidos pol\u00edticos mexicanos obt\u00eam os fundos para suas atividades principalmente atrav\u00e9s de financiamentos p\u00fablicos, mesmo que a lei preveja tamb\u00e9m a possibilidade de financiamentos privados. O financiamento p\u00fablico recebido pelos partidos pol\u00edticos \u00e9 percebido como exageradamente alto pelos grupos da sociedade mexicana. A opini\u00e3o p\u00fablica concorda sobre a necessidade de diminuir o custo das campanhas eleitorais.<\/p>\n<p style=\"text-align: justify;\">Fonte: Ag\u00eancia Fides.<\/p>\n","protected":false},"excerpt":{"rendered":"<p>Quer\u00e9taro (Ag\u00eancia Fides) \u2013 \u201cVale a pena fazer uma lista do que se fazer com todo esse dinheiro&#8230;Diante da abund\u00e2ncia de dinheiro, creio que devemos exigir servi\u00e7os l\u00e1 onde n\u00e3o existem, se devem exigir centros de sa\u00fade onde faltam, se devem tamb\u00e9m assistir os que querem um trabalho, penso que muitas coisas podem ser feitas [&hellip;]<\/p>\n","protected":false},"author":1,"featured_media":0,"comment_status":"open","ping_status":"open","sticky":false,"template":"","format":"standard","meta":{"footnotes":""},"categories":[4],"tags":[],"class_list":["post-13174","post","type-post","status-publish","format-standard","hentry","category-cotidiano"],"_links":{"self":[{"href":"https:\/\/catolicanet.net\/wp-cnet\/wp-json\/wp\/v2\/posts\/13174","targetHints":{"allow":["GET"]}}],"collection":[{"href":"https:\/\/catolicanet.net\/wp-cnet\/wp-json\/wp\/v2\/posts"}],"about":[{"href":"https:\/\/catolicanet.net\/wp-cnet\/wp-json\/wp\/v2\/types\/post"}],"author":[{"embeddable":true,"href":"https:\/\/catolicanet.net\/wp-cnet\/wp-json\/wp\/v2\/users\/1"}],"replies":[{"embeddable":true,"href":"https:\/\/catolicanet.net\/wp-cnet\/wp-json\/wp\/v2\/comments?post=13174"}],"version-history":[{"count":1,"href":"https:\/\/catolicanet.net\/wp-cnet\/wp-json\/wp\/v2\/posts\/13174\/revisions"}],"predecessor-version":[{"id":26532,"href":"https:\/\/catolicanet.net\/wp-cnet\/wp-json\/wp\/v2\/posts\/13174\/revisions\/26532"}],"wp:attachment":[{"href":"https:\/\/catolicanet.net\/wp-cnet\/wp-json\/wp\/v2\/media?parent=13174"}],"wp:term":[{"taxonomy":"category","embeddable":true,"href":"https:\/\/catolicanet.net\/wp-cnet\/wp-json\/wp\/v2\/categories?post=13174"},{"taxonomy":"post_tag","embeddable":true,"href":"https:\/\/catolicanet.net\/wp-cnet\/wp-json\/wp\/v2\/tags?post=13174"}],"curies":[{"name":"wp","href":"https:\/\/api.w.org\/{rel}","templated":true}]}}