{"id":13158,"date":"2016-01-26T12:41:03","date_gmt":"2016-01-26T14:41:03","guid":{"rendered":"http:\/\/catolicanet.net\/wp-cnet\/2016\/01\/26\/tarefa-fascinante\/"},"modified":"2017-05-08T16:30:05","modified_gmt":"2017-05-08T19:30:05","slug":"tarefa-fascinante","status":"publish","type":"post","link":"https:\/\/catolicanet.net\/wp-cnet\/tarefa-fascinante\/","title":{"rendered":"Tarefa fascinante"},"content":{"rendered":"<p style=\"text-align: justify;\">Dia \u00e9 o espa\u00e7o de tempo que vai, em determinados lugares da Terra, entre o instante do nascer do Sol e o seu ocaso, com claridade de luz e sol. \u00c9 a esperan\u00e7a de cada dia que come\u00e7a a despontar, circunst\u00e2ncia durante a qual o Sol ilumina o horizonte,\u00a0 para o nosso contexto dentro do planeta, com dura\u00e7\u00e3o de vinte e quatro horas, regulada pela rota\u00e7\u00e3o da Terra sobre si mesma.<br \/>O dia \u00e9 sin\u00f4nimo de claridade, de sol. Para n\u00f3s crist\u00e3os, aos olhos da f\u00e9, \u201csol\u201d \u00e9 uma palavra que vai muito al\u00e9m da defini\u00e7\u00e3o acima, transcende, e torna-se indiz\u00edvel no mist\u00e9rio insond\u00e1vel de Deus, no que assevera o Livro Sagrado:\u00a0 \u201cNunca mais o Sol a iluminar\u00e1 de dia, nem a Lua de noite, pois eu, o Senhor, serei para sempre a sua luz, e a minha gl\u00f3ria brilhar\u00e1 sobre voc\u00ea\u201d (cf. Is 60, 19).<br \/>Como \u00e9 maravilhoso recordar o ap\u00f3stolo Paulo, mission\u00e1rio por excel\u00eancia; n\u00e3o conviveu pessoalmente com o seu Mestre e Senhor. No in\u00edcio, de perseguidor ferrenho da Igreja e dos crist\u00e3os, abra\u00e7ou a f\u00e9 na viagem para Damasco, que se deu no \u00e1pice da luz do Sol, transformando-o por completo: \u201cOra, aconteceu que, na viagem, estando j\u00e1 perto de Damasco, pelo meio-dia, de repente, uma grande luz que vinha do c\u00e9u brilhou ao redor de mim. Ca\u00ed por terra e ouvi uma voz que me dizia: \u2018Saulo, Saulo, por que me persegues?\u2019. Eu perguntei: \u2018Quem \u00e9s tu, Senhor?\u2019. Ele me respondeu: \u2018Eu sou Jesus, o Nazareno, a quem tu est\u00e1s perseguindo\u2019\u201d (cf. At 22, 6-8).<br \/>Jesus \u00e9 o Sol da justi\u00e7a, da verdade e da solidariedade a nos desafiar, nas palavras do Papa Francisco (24.01.2016), em sua costumeira alocu\u00e7\u00e3o precedida do \u00c2ngelus, ao dizer que comunidades cat\u00f3licas devem se juntar aos empobrecidos marginalizados, deixando claro:\u00a0 \u201cTrata-se de oferecer a for\u00e7a do Evangelho de Deus, que converte os cora\u00e7\u00f5es, cura as feridas, transforma as rela\u00e7\u00f5es humanas e sociais segundo a l\u00f3gica do amor; ser crist\u00e3o com o ser \u2018mission\u00e1rio\u2019 implica em \u2018anunciar o Evangelho com a palavra e, antes ainda, com a vida\u2019\u201d.<br \/>Dom Helder C\u00e2mara, for\u00e7a m\u00edstica e po\u00e9tica da figura humana, nos assegura que o Sol da Justi\u00e7a \u00e9 dom e gra\u00e7a de Deus: \u201cH\u00e1 pessoas que, independente de idade, pelo que s\u00e3o, pelo que dizem e pelo que fazem, s\u00e3o sempre meio-dia\u201d. Nesse sentido, recordando o Ap\u00f3stolo dos Gentios, seja no an\u00fancio do Evangelho e carismas, seja na miss\u00e3o e viagens, o Artes\u00e3o da Paz, com enorme disposi\u00e7\u00e3o e sabedoria interior, se esfor\u00e7ou para imit\u00e1-lo.<br \/>Guardemos as palavras do Mestre e Doutor das Na\u00e7\u00f5es, que intrepidamente soube anunciar a Boa-Nova do Senhor Jesus, consciente de que era para ele uma exig\u00eancia, por isso mesmo sua disposi\u00e7\u00e3o para tudo, at\u00e9 a pr\u00f3pria vida por causa do Evangelho: \u201cQuanto a mim, estou a ponto de ser imolado e o instante da minha liberta\u00e7\u00e3o se aproxima. Combati o bom combate, terminei minha corrida e guardei a f\u00e9\u201d (2 Tm 4, 6). Am\u00e9m!<\/p>\n","protected":false},"excerpt":{"rendered":"<p>Dia \u00e9 o espa\u00e7o de tempo que vai, em determinados lugares da Terra, entre o instante do nascer do Sol e o seu ocaso, com claridade de luz e sol. \u00c9 a esperan\u00e7a de cada dia que come\u00e7a a despontar, circunst\u00e2ncia durante a qual o Sol ilumina o horizonte,\u00a0 para o nosso contexto dentro do [&hellip;]<\/p>\n","protected":false},"author":6,"featured_media":0,"comment_status":"open","ping_status":"open","sticky":false,"template":"","format":"standard","meta":{"footnotes":""},"categories":[9],"tags":[],"class_list":["post-13158","post","type-post","status-publish","format-standard","hentry","category-artigos"],"_links":{"self":[{"href":"https:\/\/catolicanet.net\/wp-cnet\/wp-json\/wp\/v2\/posts\/13158","targetHints":{"allow":["GET"]}}],"collection":[{"href":"https:\/\/catolicanet.net\/wp-cnet\/wp-json\/wp\/v2\/posts"}],"about":[{"href":"https:\/\/catolicanet.net\/wp-cnet\/wp-json\/wp\/v2\/types\/post"}],"author":[{"embeddable":true,"href":"https:\/\/catolicanet.net\/wp-cnet\/wp-json\/wp\/v2\/users\/6"}],"replies":[{"embeddable":true,"href":"https:\/\/catolicanet.net\/wp-cnet\/wp-json\/wp\/v2\/comments?post=13158"}],"version-history":[{"count":1,"href":"https:\/\/catolicanet.net\/wp-cnet\/wp-json\/wp\/v2\/posts\/13158\/revisions"}],"predecessor-version":[{"id":21737,"href":"https:\/\/catolicanet.net\/wp-cnet\/wp-json\/wp\/v2\/posts\/13158\/revisions\/21737"}],"wp:attachment":[{"href":"https:\/\/catolicanet.net\/wp-cnet\/wp-json\/wp\/v2\/media?parent=13158"}],"wp:term":[{"taxonomy":"category","embeddable":true,"href":"https:\/\/catolicanet.net\/wp-cnet\/wp-json\/wp\/v2\/categories?post=13158"},{"taxonomy":"post_tag","embeddable":true,"href":"https:\/\/catolicanet.net\/wp-cnet\/wp-json\/wp\/v2\/tags?post=13158"}],"curies":[{"name":"wp","href":"https:\/\/api.w.org\/{rel}","templated":true}]}}