{"id":13153,"date":"2016-02-03T03:00:00","date_gmt":"2016-02-03T05:00:00","guid":{"rendered":"http:\/\/catolicanet.net\/wp-cnet\/2016\/02\/03\/migrantes-e-refugiados\/"},"modified":"2017-05-08T16:16:52","modified_gmt":"2017-05-08T19:16:52","slug":"migrantes-e-refugiados","status":"publish","type":"post","link":"https:\/\/catolicanet.net\/wp-cnet\/migrantes-e-refugiados\/","title":{"rendered":"Migrantes e Refugiados"},"content":{"rendered":"<p style=\"text-align: justify;\">O Papa Francisco dirigiu ao mundo uma mensagem especial pelo Dia Mundial do Migrante e Refugiado, com o tema: \u201cOs emigrantes e refugiados interpelam-nos. A resposta do Evangelho da miseric\u00f3rdia\u201d. \u00c9 uma bela reflex\u00e3o que, dentro do ano do Jubileu da Miseric\u00f3rdia, nos interpela sobre as bases de nossa atual sociedade.<br \/> Esse fato, que existe desde sempre, tornou-se complexo nestes \u00faltimos tempos, pois j\u00e1 n\u00e3o se trata apenas da liberdade do ir e vir e sim da imposi\u00e7\u00e3o de sa\u00eddas for\u00e7adas e rejei\u00e7\u00e3o de aceita\u00e7\u00e3o por parte de outras na\u00e7\u00f5es. <br \/> Essa data, comemorada diferentemente nas v\u00e1rias regi\u00f5es do mundo, foi celebrada no in\u00edcio do ano em n\u00edvel mundial com essa mensagem do Papa. Como \u00e9 um tempo sempre recorrente e um grande trabalho que a nossa Caritas Arquidiocesana desenvolve h\u00e1 tanto tempo, creio que ser\u00e1 bom aprofundar um pouco as reflex\u00f5es que o Papa Francisco nos coloca.<br \/> No segundo domingo do tempo comum, enquanto aqui viv\u00edamos a trezena de S\u00e3o Sebasti\u00e3o, em Roma foi celebrado o Jubileu dos Migrantes. O presidente do Pontif\u00edcio Conselho da Pastoral para os Migrantes e Itinerantes, o Cardeal Antonio Maria Vegli\u00f3, presidiu a Santa Missa e consagrou as h\u00f3stias preparadas por detentos do c\u00e1rcere de seguran\u00e7a de Opera, em Mil\u00e3o.\u00a0\u00a0 <br \/> Com o Esp\u00edrito do Jubileu, mais de 5 mil migrantes participaram do \u00c2ngelus com o Papa, e depois passaram pela Porta Santa e entraram na Bas\u00edlica para a Celebra\u00e7\u00e3o Eucar\u00edstica. Nesse dia estava presente na Bas\u00edlica de S\u00e3o Pedro a Cruz de Lampedusa. Essa Cruz foi um projeto realizado pela Funda\u00e7\u00e3o Casa do Esp\u00edrito e das Artes, realizada com madeira de barcos utilizados pelos migrantes e aben\u00e7oada pelo Papa Francisco no dia 9 de abril de 2014. Desde desse dia, a Cruz viaja por toda a It\u00e1lia, levada por volunt\u00e1rios, unindo assim: par\u00f3quias, mosteiros, c\u00e1rceres e hospitais.<br \/> A respeito da Cruz de Lampedusa, disse o Mons. Gian Carlo Perego, diretor da Funda\u00e7\u00e3o Migrantes, que promove a iniciativa, \u201csob o olhar e a prote\u00e7\u00e3o da Cruz de Lampedusa, os migrantes confiar\u00e3o a Deus, rico em miseric\u00f3rdia, o caminho e os sofrimentos de muitos irm\u00e3os e irm\u00e3s refugiados em fuga de guerras e desastres ambientais\u201d. Como j\u00e1 foi citado, as h\u00f3stias que ser\u00e3o consagradas foram confeccionadas por tr\u00eas detentos. Estes cometeram homic\u00eddios, mas seguiram um percurso de conscientiza\u00e7\u00e3o e reden\u00e7\u00e3o pessoal com a ajuda e o apoio de sacerdotes do c\u00e1rcere. <br \/>Devido a essa celebra\u00e7\u00e3o, o Papa Francisco dirigiu uma mensagem para esse dia, assinada no dia 12 de setembro de 2015. Nesta, ele pontuou alguns elementos essenciais para o acolhimento e para a problem\u00e1tica da migra\u00e7\u00e3o e dos refugiados, que cito adiante. Ele come\u00e7a a mensagem citando a Bula de proclama\u00e7\u00e3o do Jubileu Extraordin\u00e1rio da Miseric\u00f3rdia que \u201ch\u00e1 momentos em que somos chamados, de maneira ainda mais intensa, a fixar o olhar na miseric\u00f3rdia, para nos tornarmos n\u00f3s mesmos sinal eficaz do agir do Pai\u201d (Misericordiae Vultus, n.3). Assim como Deus, na sua infinita Bondade e Miseric\u00f3rdia, acolhe a todos, somos tamb\u00e9m convidados a acolher e a ser misericordiosos uns para com os outros. <br \/>O Santo Padre fala dos fluxos migrat\u00f3rios e que estes constituem uma realidade estrutural. Vemos in\u00fameros casos de hist\u00f3rias dram\u00e1ticas de milh\u00f5es de homens e mulheres que interpelam a comunidade internacional. A pior coisa que pode existir para o problema do fluxo imigrat\u00f3rio e dos problemas decorrentes s\u00e3o dois aspectos: a indiferen\u00e7a e o sil\u00eancio. Quantas pessoas que diante disso se encontram como expectadores \u00e0s mortes por sufocamentos, priva\u00e7\u00f5es, viol\u00eancias e naufr\u00e1gios. De grandes ou pequenas dimens\u00f5es, sempre trag\u00e9dias s\u00e3o, mesmo quando se perde uma \u00fanica vida humana.<br \/>Temos que saber e ter em mente e em nossas atitudes que os emigrantes s\u00e3o nossos irm\u00e3os e irm\u00e3s. S\u00e3o pessoas que saem de suas origens para buscar melhores condi\u00e7\u00f5es de vida em outras. S\u00e3o pessoas que querem sair muitas vezes n\u00e3o s\u00f3 da mis\u00e9ria financeira, mas da mis\u00e9ria humana e cultural. Olhando para esta realidade, nos vem \u00e0 mente a atitude de Jesus que encoraja a acolhida do estrangeiro. Que bom ver em muitas institui\u00e7\u00f5es, associa\u00e7\u00f5es, movimentos, grupos comprometidos, organismos diocesanos, nacionais e internacionais o acolhimento a estes que necessitam. <br \/>A resposta da Igreja diante desses nossos irm\u00e3os e irm\u00e3s \u00e9 colocar-se ao lado de todos aqueles que se esfor\u00e7am por defender o direito de cada pessoa a viver com dignidade, exercendo antes de tudo o direito a n\u00e3o emigrar a fim de contribuir para o desenvolvimento do pa\u00eds de origem. Esse processo diz o Papa: \u201cinclui a necessidade de ajudar os pa\u00edses donde partem os emigrantes e refugiados\u201d. Assim se confirma: a solidariedade, a coopera\u00e7\u00e3o, a interdepend\u00eancia internacional e a distribui\u00e7\u00e3o equitativa dos bens da terra s\u00e3o elementos fundamentais para atuar, em profundidade e efic\u00e1cia.<br \/>Portanto, convido a todos a exercerem a caridade e o amor com os v\u00e1rios refugiados. Entrego-os nas m\u00e3os de Deus e nas m\u00e3os da Bem-Aventurada Virgem Maria, M\u00e3e dos emigrantes e dos refugiados. Possamos acolher o outro e enxergar nesse outro o pr\u00f3prio Deus. Vivamos na miseric\u00f3rdia, no amor, na paz e no acolhimento.<\/p>\n","protected":false},"excerpt":{"rendered":"<p>O Papa Francisco dirigiu ao mundo uma mensagem especial pelo Dia Mundial do Migrante e Refugiado, com o tema: \u201cOs emigrantes e refugiados interpelam-nos. A resposta do Evangelho da miseric\u00f3rdia\u201d. \u00c9 uma bela reflex\u00e3o que, dentro do ano do Jubileu da Miseric\u00f3rdia, nos interpela sobre as bases de nossa atual sociedade. Esse fato, que existe [&hellip;]<\/p>\n","protected":false},"author":5,"featured_media":0,"comment_status":"open","ping_status":"open","sticky":false,"template":"","format":"standard","meta":{"footnotes":""},"categories":[9],"tags":[],"class_list":["post-13153","post","type-post","status-publish","format-standard","hentry","category-artigos"],"_links":{"self":[{"href":"https:\/\/catolicanet.net\/wp-cnet\/wp-json\/wp\/v2\/posts\/13153","targetHints":{"allow":["GET"]}}],"collection":[{"href":"https:\/\/catolicanet.net\/wp-cnet\/wp-json\/wp\/v2\/posts"}],"about":[{"href":"https:\/\/catolicanet.net\/wp-cnet\/wp-json\/wp\/v2\/types\/post"}],"author":[{"embeddable":true,"href":"https:\/\/catolicanet.net\/wp-cnet\/wp-json\/wp\/v2\/users\/5"}],"replies":[{"embeddable":true,"href":"https:\/\/catolicanet.net\/wp-cnet\/wp-json\/wp\/v2\/comments?post=13153"}],"version-history":[{"count":1,"href":"https:\/\/catolicanet.net\/wp-cnet\/wp-json\/wp\/v2\/posts\/13153\/revisions"}],"predecessor-version":[{"id":21718,"href":"https:\/\/catolicanet.net\/wp-cnet\/wp-json\/wp\/v2\/posts\/13153\/revisions\/21718"}],"wp:attachment":[{"href":"https:\/\/catolicanet.net\/wp-cnet\/wp-json\/wp\/v2\/media?parent=13153"}],"wp:term":[{"taxonomy":"category","embeddable":true,"href":"https:\/\/catolicanet.net\/wp-cnet\/wp-json\/wp\/v2\/categories?post=13153"},{"taxonomy":"post_tag","embeddable":true,"href":"https:\/\/catolicanet.net\/wp-cnet\/wp-json\/wp\/v2\/tags?post=13153"}],"curies":[{"name":"wp","href":"https:\/\/api.w.org\/{rel}","templated":true}]}}