{"id":13147,"date":"2016-01-26T12:03:36","date_gmt":"2016-01-26T14:03:36","guid":{"rendered":"http:\/\/catolicanet.net\/wp-cnet\/2016\/01\/26\/qual-o-sentido-da-vida\/"},"modified":"2017-05-08T16:32:45","modified_gmt":"2017-05-08T19:32:45","slug":"qual-o-sentido-da-vida","status":"publish","type":"post","link":"https:\/\/catolicanet.net\/wp-cnet\/qual-o-sentido-da-vida\/","title":{"rendered":"Qual o sentido da vida?"},"content":{"rendered":"<p style=\"text-align: justify;\">Ser\u00e1 o dinheiro, a fama, o poder, a filosofia, o relativismo, a religi\u00e3o, a ci\u00eancia e a tecnologia?<br \/>Num passado recente, dizia-se que o avan\u00e7o da ci\u00eancia e o progresso tecnol\u00f3gico dariam solu\u00e7\u00e3o em quase tudo. Vivemos uma realidade dura demais. Agress\u00f5es que chocam a nossa sensibilidade, crueldade que choca o nosso senso de humanidade, viol\u00eancia que faz anestesiar a mais competente das autoridades.<br \/>Somos assolados pela depress\u00e3o, pelo flagelo das drogas, pelo tr\u00e1fico de armas, pelo terrorismo, pela trag\u00e9dia das guerras, da fome e da AIDS, pelos conflitos entre na\u00e7\u00f5es, pelo massacre de etnias e pela perdi\u00e7\u00e3o da supremacia racial. Vivemos a crise financeira mundial, energ\u00e9tica, h\u00eddrica, \u00e9tica e religiosa. Vivemos o medo de uma guerra nuclear, qu\u00edmica e biol\u00f3gica, como tamb\u00e9m o medo pelo aumento assustador das doen\u00e7as mentais.<br \/>Diante de tantas desgra\u00e7as e maldades, podemos encontrar o sentido da vida? Esta pergunta \u00e9 feita constantemente por muita gente.<br \/>No seu livro, Em Busca de Sentido: um psic\u00f3logo no campo de concentra\u00e7\u00e3o, e criador da Logoterapia-terapia do sentido da vida, Viktor E. Frankl escreveu que alguns de seus companheiros que sobreviveram ao Holocausto se depararam com este tipo de pergunta depois que foram libertados dos campos de concentra\u00e7\u00e3o. Quando voltaram para casa, alguns descobriram que seus parentes e amigos haviam morrido.<br \/>Frankl afirmou: \u201cN\u00e3o h\u00e1 nada no mundo, arrisco-me a dizer, que surtiria tanto efeito em ajudar algu\u00e9m a superar mesmo as piores situa\u00e7\u00f5es quanto saber que sua vida tem sentido\u201d. Disse mais de maneira magistral: \u201cPodemos transformar a trag\u00e9dia pessoal em triunfo\u201d.<br \/>Muita gente questiona o sentido da vida e uma das maiores dificuldades para entender porque estamos aqui e o tal do\u00a0 sofrimento. Com sua larga experi\u00eancia de sofrimento do horror nazista no campo de concentra\u00e7\u00e3o disse Frankl: \u201cSe \u00e9 que a vida tem sentido tamb\u00e9m o sofrimento necessariamente o ter\u00e1. Afinal de contas o sofrimento faz parte da vida, de alguma forma, do mesmo modo que o destino e a morte\u201d.<br \/>A raz\u00e3o humana busca resposta profunda para o mist\u00e9rio do sofrimento e da morte. Os s\u00e1bios sempre procuraram responder sobre o sofrimento dos justos e a passagem curta do homem bom sobre a terra.\u00a0 Segundo a Sagrada Teologia, a causa do sofrimento e da morte foi \u00e0 decis\u00e3o errada tomada pelo primeiro casal no Jardim do \u00c9den.<br \/>\u201cNingu\u00e9m, ao ser tentado deve dizer: \u201c\u00c9 Deus que me est\u00e1 tentando\u201d, pois Deus n\u00e3o pode ser tentado pelo mal e a ningu\u00e9m tenta. Antes, cada qual \u00e9 tentado pela pr\u00f3pria concupisc\u00eancia, que o arrasta e seduz. Em seguida a concupisc\u00eancia, tendo concebido, d\u00e1 a luz, o pecado, e o pecado, atingindo a maturidade, gera a morte\u201d (Tg 1,13-15).<br \/>Pelo pecado o ser humano tem realizado todo tipo de crueldade, tentando assim, minar o sentido da vida. Gra\u00e7as a Deus, pelo dom da sant\u00edssima f\u00e9 e pela Cruz de Cristo que nos d\u00e1 sentido a vida e a morte torna-se passagem para vida eterna.<br \/>\u201cTodo dom precioso e toda d\u00e1diva perfeita vem do alto e desce do Pai das luzes\u201d (Tg 1,16). Se o cora\u00e7\u00e3o do ser humano fosse recipiente para toda d\u00e1diva perfeita de Deus, n\u00f3s n\u00e3o ter\u00edamos tantas infelicidades que nos assolam.<br \/> SOMENTE O AMOR<br \/>Costuma-se comparar a vida a uma jornada. Levar a vida sem saber seu real objetivo \u00e9 como come\u00e7ar uma vigem sem ter um destino em mente. Se agir assim, voc\u00ea corre o risco de cair na armadilha que o ilustre escritor Stephen R. Covey descreve \u201ccomo\u00a0 a correria da vida\u201d. Ele escreveu sobre pessoas que \u201cconquistam vit\u00f3rias que se mostram vazias\u201d.<br \/>Frieder Burda, mecenas das artes e s\u00f3cio de um grande conglomerado da m\u00eddia alem\u00e3, concluiu resignado: \u201cComprei um grande iate para viajar pelos mares. Que aborrecimento! Nesse iate n\u00e3o vivi nem um dia feliz. S\u00f3 gastei dinheiro, sem sentido, sem rumo; isto n\u00e3o traz conte\u00fado \u00e0 vida. \u00c9 a mais pura monotonia\u201d.<br \/>A poetisa K\u00e4the Walter escreveu contrastando as palavras de Burda: \u201cS\u00f3 isto traz sentido \u00e0 vida na terra: tornar-se algo para a gl\u00f3ria de Deus e iluminar o caminho dos outros com a luz vinda de fontes eternas\u201d.<br \/>O nosso \u00fanico objetivo para dar sentido \u00e0 vida \u00e9 somente o amor a Deus e ao pr\u00f3ximo.<br \/>O amor \u00e9 o poder que nos faz suportar todo tipo de adversidades. \u00c9 a luz que nos faz enxergar novos horizontes. Amor faz muito bem a vida do que todo tesouro do mundo, \u00e9 a energia para as grandes realiza\u00e7\u00f5es e o gozo abissal para o cora\u00e7\u00e3o. Com certeza, \u00e9 a fonte do nosso viver, da nossa sensibilidade e da gl\u00f3ria da dignidade da pessoa humana.<br \/> CONCLUS\u00c3O<br \/>Infelizmente, as pessoas s\u00e3o enganadas pela ilus\u00e3o do dinheiro, do poder, da fama e do prazer ef\u00eamero. Quantas pessoas n\u00e3o se perdem pelas fantasias mundanas? E outras tantas cavam a sua pr\u00f3pria sepultura por meio do seu ego\u00edsmo, gan\u00e2ncia, arrivismo e salazes delitos.<br \/>As for\u00e7as do mal cegam as pessoas, para ca\u00edrem no abismo. Elas d\u00e3o lugar para tal, devido a seus erros em escolher mal o caminho. Tornando-se vitimas das pr\u00f3prias armadilhas e do inimigo se perguntam: Qual o sentido da vida? E a resposta \u00e9: viver radicalmente para o bom Deus e para o Evangelho de Nosso Senhor Jesus Cristo em solidariedade ao pr\u00f3ximo. S\u00f3 podemos viver bem, na riqueza de nossa vida, na dimens\u00e3o do amor e do conhecimento. \u00c9 o amor que d\u00e1 real sentido a vida e o conhecimento completa o progresso da nossa felicidade.<br \/>Tudo na vida s\u00f3 ter\u00e1 constru\u00e7\u00e3o s\u00f3lida permanente e duradoura se o fundamento da obra for o amor. O nosso mais profundo ser clama por amor para que a nossa vida possa viver com sentido aqui e para sempre.<br \/>Pe. In\u00e1cio Jos\u00e9 do Vale<br \/>Professor, escritor e conferencista<br \/>Soci\u00f3logo em Ci\u00eancia da Religi\u00e3o<br \/>Religioso da Fraternidade da Visita\u00e7\u00e3o de Charles de Foucauld<br \/>E-mail: pe.inacio.jose@gmail.com<\/p>\n","protected":false},"excerpt":{"rendered":"<p>Ser\u00e1 o dinheiro, a fama, o poder, a filosofia, o relativismo, a religi\u00e3o, a ci\u00eancia e a tecnologia?Num passado recente, dizia-se que o avan\u00e7o da ci\u00eancia e o progresso tecnol\u00f3gico dariam solu\u00e7\u00e3o em quase tudo. Vivemos uma realidade dura demais. Agress\u00f5es que chocam a nossa sensibilidade, crueldade que choca o nosso senso de humanidade, viol\u00eancia [&hellip;]<\/p>\n","protected":false},"author":16,"featured_media":0,"comment_status":"open","ping_status":"open","sticky":false,"template":"","format":"standard","meta":{"footnotes":""},"categories":[9],"tags":[],"class_list":["post-13147","post","type-post","status-publish","format-standard","hentry","category-artigos"],"_links":{"self":[{"href":"https:\/\/catolicanet.net\/wp-cnet\/wp-json\/wp\/v2\/posts\/13147","targetHints":{"allow":["GET"]}}],"collection":[{"href":"https:\/\/catolicanet.net\/wp-cnet\/wp-json\/wp\/v2\/posts"}],"about":[{"href":"https:\/\/catolicanet.net\/wp-cnet\/wp-json\/wp\/v2\/types\/post"}],"author":[{"embeddable":true,"href":"https:\/\/catolicanet.net\/wp-cnet\/wp-json\/wp\/v2\/users\/16"}],"replies":[{"embeddable":true,"href":"https:\/\/catolicanet.net\/wp-cnet\/wp-json\/wp\/v2\/comments?post=13147"}],"version-history":[{"count":1,"href":"https:\/\/catolicanet.net\/wp-cnet\/wp-json\/wp\/v2\/posts\/13147\/revisions"}],"predecessor-version":[{"id":21740,"href":"https:\/\/catolicanet.net\/wp-cnet\/wp-json\/wp\/v2\/posts\/13147\/revisions\/21740"}],"wp:attachment":[{"href":"https:\/\/catolicanet.net\/wp-cnet\/wp-json\/wp\/v2\/media?parent=13147"}],"wp:term":[{"taxonomy":"category","embeddable":true,"href":"https:\/\/catolicanet.net\/wp-cnet\/wp-json\/wp\/v2\/categories?post=13147"},{"taxonomy":"post_tag","embeddable":true,"href":"https:\/\/catolicanet.net\/wp-cnet\/wp-json\/wp\/v2\/tags?post=13147"}],"curies":[{"name":"wp","href":"https:\/\/api.w.org\/{rel}","templated":true}]}}