{"id":13137,"date":"2016-01-22T11:20:50","date_gmt":"2016-01-22T13:20:50","guid":{"rendered":"http:\/\/catolicanet.net\/wp-cnet\/2016\/01\/22\/americarepublica-dominicana-dom-pena-rodriguez-a-corrupcao-cria-uma-injustica-escandalosa-e-desigualdade-social\/"},"modified":"2017-05-31T13:06:51","modified_gmt":"2017-05-31T16:06:51","slug":"americarepublica-dominicana-dom-pena-rodriguez-a-corrupcao-cria-uma-injustica-escandalosa-e-desigualdade-social","status":"publish","type":"post","link":"https:\/\/catolicanet.net\/wp-cnet\/americarepublica-dominicana-dom-pena-rodriguez-a-corrupcao-cria-uma-injustica-escandalosa-e-desigualdade-social\/","title":{"rendered":"AM\u00c9RICA\/REP\u00daBLICA DOMINICANA &#8211; Dom Pe\u00f1a Rodr\u00edguez: \u201cA corrup\u00e7\u00e3o cria uma injusti\u00e7a escandalosa e desigualdade social\u201d"},"content":{"rendered":"<p style=\"text-align: justify;\">Santo Domingo (Ag\u00eancia Fides) &#8211; O Presidente da Confer\u00eancia Episcopal Dominicana (CED), Dom Greg\u00f3rio Nicanor Pe\u00f1a Rodr\u00edguez, apresentou ontem a Carta pastoral por ocasi\u00e3o da Festa de Nuestra Se\u00f1ora de la Altagracia, Padroeira da na\u00e7\u00e3o, que se celebra em 21 de janeiro, em todo o pa\u00eds. O documento, enviado a Fides, analisa como temas principais a corrup\u00e7\u00e3o dos pol\u00edticos e a viol\u00eancia que circunda as fam\u00edlias. \u201cO exerc\u00edcio da pol\u00edtica se tornou um business para se obter dinheiro f\u00e1cil, e \u00e9 somente para poucos\u201d, sinaliza o Prelado. &#8220;A corrup\u00e7\u00e3o cria uma injusti\u00e7a escandalosa e desigualdade social, alargando o abismo entre as pessoas que se tornaram ricas, como por magia, sem outra justifica\u00e7\u00e3o a n\u00e3o ser depois de ter assumido um cargo na administra\u00e7\u00e3o p\u00fablica&#8221;, reiterou Dom Pe\u00f1a Rodr\u00edguez.<br \/>A Carta pastoral deplora a viol\u00eancia e a criminalidade que v\u00e3o do feminic\u00eddio em fam\u00edlia aos sequestros e aos homic\u00eddios encomendados. A Confer\u00eancia Episcopal Dominicana destaca nesta carta que \u201c\u00e9 incr\u00edvel matar somente por um celular ou suportar a vergonha de reconhecer o envolvimento em atos criminosos de membros das autoridades que deveriam garantir a ordem p\u00fablica e combater a viol\u00eancia&#8221;.<\/p>\n<p style=\"text-align: justify;\">Fonte: Ag\u00eancia Fides<\/p>\n","protected":false},"excerpt":{"rendered":"<p>Santo Domingo (Ag\u00eancia Fides) &#8211; O Presidente da Confer\u00eancia Episcopal Dominicana (CED), Dom Greg\u00f3rio Nicanor Pe\u00f1a Rodr\u00edguez, apresentou ontem a Carta pastoral por ocasi\u00e3o da Festa de Nuestra Se\u00f1ora de la Altagracia, Padroeira da na\u00e7\u00e3o, que se celebra em 21 de janeiro, em todo o pa\u00eds. O documento, enviado a Fides, analisa como temas principais [&hellip;]<\/p>\n","protected":false},"author":1,"featured_media":0,"comment_status":"open","ping_status":"open","sticky":false,"template":"","format":"standard","meta":{"footnotes":""},"categories":[4],"tags":[],"class_list":["post-13137","post","type-post","status-publish","format-standard","hentry","category-cotidiano"],"_links":{"self":[{"href":"https:\/\/catolicanet.net\/wp-cnet\/wp-json\/wp\/v2\/posts\/13137","targetHints":{"allow":["GET"]}}],"collection":[{"href":"https:\/\/catolicanet.net\/wp-cnet\/wp-json\/wp\/v2\/posts"}],"about":[{"href":"https:\/\/catolicanet.net\/wp-cnet\/wp-json\/wp\/v2\/types\/post"}],"author":[{"embeddable":true,"href":"https:\/\/catolicanet.net\/wp-cnet\/wp-json\/wp\/v2\/users\/1"}],"replies":[{"embeddable":true,"href":"https:\/\/catolicanet.net\/wp-cnet\/wp-json\/wp\/v2\/comments?post=13137"}],"version-history":[{"count":1,"href":"https:\/\/catolicanet.net\/wp-cnet\/wp-json\/wp\/v2\/posts\/13137\/revisions"}],"predecessor-version":[{"id":26540,"href":"https:\/\/catolicanet.net\/wp-cnet\/wp-json\/wp\/v2\/posts\/13137\/revisions\/26540"}],"wp:attachment":[{"href":"https:\/\/catolicanet.net\/wp-cnet\/wp-json\/wp\/v2\/media?parent=13137"}],"wp:term":[{"taxonomy":"category","embeddable":true,"href":"https:\/\/catolicanet.net\/wp-cnet\/wp-json\/wp\/v2\/categories?post=13137"},{"taxonomy":"post_tag","embeddable":true,"href":"https:\/\/catolicanet.net\/wp-cnet\/wp-json\/wp\/v2\/tags?post=13137"}],"curies":[{"name":"wp","href":"https:\/\/api.w.org\/{rel}","templated":true}]}}