{"id":13128,"date":"2016-01-22T10:37:49","date_gmt":"2016-01-22T12:37:49","guid":{"rendered":"http:\/\/catolicanet.net\/wp-cnet\/2016\/01\/22\/missionarios-do-comidi-bh-realizam-atividades-no-vale-do-jequitinhonha\/"},"modified":"2017-05-26T16:19:45","modified_gmt":"2017-05-26T19:19:45","slug":"missionarios-do-comidi-bh-realizam-atividades-no-vale-do-jequitinhonha","status":"publish","type":"post","link":"https:\/\/catolicanet.net\/wp-cnet\/missionarios-do-comidi-bh-realizam-atividades-no-vale-do-jequitinhonha\/","title":{"rendered":"Mission\u00e1rios do Comidi (BH) realizam atividades no Vale do Jequitinhonha"},"content":{"rendered":"<p style=\"text-align: justify;\"><img decoding=\"async\" src=\"http:\/\/catolicanet.com.br\/images\/stories\/geral\/missionrios_interno2.jpg\" border=\"0\" align=\"left\" \/>A miss\u00e3o em Virgem da Lapa segue at\u00e9 o dia 23 de janeiro<\/p>\n<p>Cerca de 130 mission\u00e1rios do Conselho Mission\u00e1rio (Comidi), da arquidiocese de Belo Horizonte, est\u00e3o em miss\u00e3o na cidade de Virgem da Lapa, regi\u00e3o do Vale do Jequitinhonha. Os mission\u00e1rios fazem visitas e promovem momentos de ora\u00e7\u00e3o e reflex\u00e3o para as fam\u00edlias da cidade e mais 39 localidades, com aproximadamente 14 mil habitantes.<\/p>\n<p>Grupos de Inf\u00e2ncia e Juventude Mission\u00e1ria tamb\u00e9m participam das atividades, promovendo encontros para crian\u00e7as e adolescentes. Tamb\u00e9m est\u00e3o sendo ministradas oficinas de bordado e croch\u00ea, al\u00e9m de uma forma\u00e7\u00e3o para eletricistas, promovida especialmente para jovens e adultos que buscam uma oportunidade no mercado de trabalho.<\/p>\n<p>Com o apoio das emissoras de r\u00e1dio locais, as equipes levam a evangeliza\u00e7\u00e3o aos lares das fam\u00edlias que est\u00e3o mais distantes, e aos enfermos que n\u00e3o podem participar das atividades.\u00a0 A miss\u00e3o em Virgem da Lapa ir\u00e1 at\u00e9 o dia 23 de janeiro, quando o grupo retorna para Belo Horizonte. <br \/>Com informa\u00e7\u00f5es e foto da arquidiocese de Belo Horizonte.<\/p>\n<p style=\"text-align: justify;\">Fonte: CNBB<\/p>\n","protected":false},"excerpt":{"rendered":"<p>A miss\u00e3o em Virgem da Lapa segue at\u00e9 o dia 23 de janeiro Cerca de 130 mission\u00e1rios do Conselho Mission\u00e1rio (Comidi), da arquidiocese de Belo Horizonte, est\u00e3o em miss\u00e3o na cidade de Virgem da Lapa, regi\u00e3o do Vale do Jequitinhonha. Os mission\u00e1rios fazem visitas e promovem momentos de ora\u00e7\u00e3o e reflex\u00e3o para as fam\u00edlias da [&hellip;]<\/p>\n","protected":false},"author":1,"featured_media":0,"comment_status":"open","ping_status":"open","sticky":false,"template":"","format":"standard","meta":{"footnotes":""},"categories":[7],"tags":[],"class_list":["post-13128","post","type-post","status-publish","format-standard","hentry","category-cnbb"],"_links":{"self":[{"href":"https:\/\/catolicanet.net\/wp-cnet\/wp-json\/wp\/v2\/posts\/13128","targetHints":{"allow":["GET"]}}],"collection":[{"href":"https:\/\/catolicanet.net\/wp-cnet\/wp-json\/wp\/v2\/posts"}],"about":[{"href":"https:\/\/catolicanet.net\/wp-cnet\/wp-json\/wp\/v2\/types\/post"}],"author":[{"embeddable":true,"href":"https:\/\/catolicanet.net\/wp-cnet\/wp-json\/wp\/v2\/users\/1"}],"replies":[{"embeddable":true,"href":"https:\/\/catolicanet.net\/wp-cnet\/wp-json\/wp\/v2\/comments?post=13128"}],"version-history":[{"count":1,"href":"https:\/\/catolicanet.net\/wp-cnet\/wp-json\/wp\/v2\/posts\/13128\/revisions"}],"predecessor-version":[{"id":23913,"href":"https:\/\/catolicanet.net\/wp-cnet\/wp-json\/wp\/v2\/posts\/13128\/revisions\/23913"}],"wp:attachment":[{"href":"https:\/\/catolicanet.net\/wp-cnet\/wp-json\/wp\/v2\/media?parent=13128"}],"wp:term":[{"taxonomy":"category","embeddable":true,"href":"https:\/\/catolicanet.net\/wp-cnet\/wp-json\/wp\/v2\/categories?post=13128"},{"taxonomy":"post_tag","embeddable":true,"href":"https:\/\/catolicanet.net\/wp-cnet\/wp-json\/wp\/v2\/tags?post=13128"}],"curies":[{"name":"wp","href":"https:\/\/api.w.org\/{rel}","templated":true}]}}