{"id":13107,"date":"2016-01-21T11:06:27","date_gmt":"2016-01-21T13:06:27","guid":{"rendered":"http:\/\/catolicanet.net\/wp-cnet\/2016\/01\/21\/davos-qprogresso-tecnologico-nao-deve-dominar-o-homemq\/"},"modified":"2017-06-02T10:11:46","modified_gmt":"2017-06-02T13:11:46","slug":"davos-qprogresso-tecnologico-nao-deve-dominar-o-homemq","status":"publish","type":"post","link":"https:\/\/catolicanet.net\/wp-cnet\/davos-qprogresso-tecnologico-nao-deve-dominar-o-homemq\/","title":{"rendered":"Davos: &#8220;Progresso tecnol\u00f3gico n\u00e3o deve dominar o homem!&#8221;"},"content":{"rendered":"<p style=\"text-align: justify;\"><img decoding=\"async\" src=\"http:\/\/catolicanet.com.br\/images\/stories\/geral\/afp4890233_articolo.jpg\" border=\"0\" align=\"left\" \/>Em Davos, localidade su\u00ed\u00e7a que hospeda o F\u00f3rum Econ\u00f4mico Mundial, o Cardeal Peter Turkson, Presidente do Pontif\u00edcio Conselho da Justi\u00e7a e da Paz, foi portador de uma mensagem escrita pelo Papa Francisco e dirigida ao fundador e presidente executivo do encontro, o Prof. Klaus Schwab.<\/p>\n<p>O Pont\u00edfice faz votos que esta edi\u00e7\u00e3o, intitulada \u201cDominar a quarta revolu\u00e7\u00e3o industrial\u201d, incentive uma cont\u00ednua responsabilidade social e ambiental atrav\u00e9s de um di\u00e1logo construtivo com representantes de governo, da atividade empresarial e da sociedade civil, participantes dos setores pol\u00edtico, financeiro e cultural.<\/p>\n<p>Emprego digno, direitos sociais e meio ambiente<\/p>\n<p>Tocando uma quest\u00e3o que o preocupa especialmente, o Papa fala do problema do desemprego, que afeta, atualmente, centenas de milh\u00f5es de pessoas. \u201cAliada \u00e0 redu\u00e7\u00e3o da cobertura da previd\u00eancia social, esta situa\u00e7\u00e3o gera o aumento preocupante da desigualdade e da pobreza em v\u00e1rios pa\u00edses\u201d, frisa, lembrando que os novos modelos empresariais devem criar trabalho digno para todos, manter e consolidar os direitos sociais e proteger o meio ambiente. O homem deve guiar o progresso tecnol\u00f3gico, sem se deixar dominar por ele!\u201d, destaca Francisco.<\/p>\n<p>Depois de apelar novamente aos l\u00edderes do mundo dos neg\u00f3cios a \u201cn\u00e3o se esquecerem dos pobres\u201d, porque este \u00e9 \u201co maior desafio\u201d, o Papa pediu uma autocr\u00edtica: \u201cChorar diante do drama dos outros n\u00e3o significa apenas compartilhar os seus sofrimentos, mas tamb\u00e9m e sobretudo dar-se conta de que as nossas a\u00e7\u00f5es s\u00e3o causa de injusti\u00e7a e desigualdade\u201d e uma atitude: \u201cNossas m\u00e3os apertem as suas m\u00e3os e estreitemo-los a n\u00f3s para que sintam o calor da nossa presen\u00e7a, da amizade e da fraternidade. Que o seu grito se torne o nosso e, juntos, possamos romper a barreira de indiferen\u00e7a que frequentemente reina soberana para esconder a hipocrisia e o ego\u00edsmo\u201d, disse, citando a Bula de proclama\u00e7\u00e3o do Jubileu Extraordin\u00e1rio da Miseric\u00f3rdia.<\/p>\n<p>Desenvolvimento sustent\u00e1vel para colmar fosso social<\/p>\n<p>Para o Papa, \u201cabrindo a mente e o cora\u00e7\u00e3o aos pobres, pode-se dar livre curso aos talentos econ\u00f4micos e t\u00e9cnicos e descobrir a felicidade de uma vida plena, que o consumismo, de por si, n\u00e3o pode oferecer\u201d. Francisco colhe a ocasi\u00e3o e pede aos empres\u00e1rios um esfor\u00e7o conjunto para perseguir um desenvolvimento sustent\u00e1vel e integral. \u201cIsto tornar\u00e1 poss\u00edvel melhorar as prec\u00e1rias condi\u00e7\u00f5es de vida de milh\u00f5es de pessoas e colmar o fosso social que d\u00e1 origem a in\u00fameras injusti\u00e7as\u201d, conclui o Papa.<\/p>\n<p style=\"text-align: justify;\">Fonte: R\u00e1dio Vaticano<\/p>\n","protected":false},"excerpt":{"rendered":"<p>Em Davos, localidade su\u00ed\u00e7a que hospeda o F\u00f3rum Econ\u00f4mico Mundial, o Cardeal Peter Turkson, Presidente do Pontif\u00edcio Conselho da Justi\u00e7a e da Paz, foi portador de uma mensagem escrita pelo Papa Francisco e dirigida ao fundador e presidente executivo do encontro, o Prof. Klaus Schwab. O Pont\u00edfice faz votos que esta edi\u00e7\u00e3o, intitulada \u201cDominar a [&hellip;]<\/p>\n","protected":false},"author":1,"featured_media":0,"comment_status":"open","ping_status":"open","sticky":false,"template":"","format":"standard","meta":{"footnotes":""},"categories":[3],"tags":[],"class_list":["post-13107","post","type-post","status-publish","format-standard","hentry","category-vaticano"],"_links":{"self":[{"href":"https:\/\/catolicanet.net\/wp-cnet\/wp-json\/wp\/v2\/posts\/13107","targetHints":{"allow":["GET"]}}],"collection":[{"href":"https:\/\/catolicanet.net\/wp-cnet\/wp-json\/wp\/v2\/posts"}],"about":[{"href":"https:\/\/catolicanet.net\/wp-cnet\/wp-json\/wp\/v2\/types\/post"}],"author":[{"embeddable":true,"href":"https:\/\/catolicanet.net\/wp-cnet\/wp-json\/wp\/v2\/users\/1"}],"replies":[{"embeddable":true,"href":"https:\/\/catolicanet.net\/wp-cnet\/wp-json\/wp\/v2\/comments?post=13107"}],"version-history":[{"count":1,"href":"https:\/\/catolicanet.net\/wp-cnet\/wp-json\/wp\/v2\/posts\/13107\/revisions"}],"predecessor-version":[{"id":27847,"href":"https:\/\/catolicanet.net\/wp-cnet\/wp-json\/wp\/v2\/posts\/13107\/revisions\/27847"}],"wp:attachment":[{"href":"https:\/\/catolicanet.net\/wp-cnet\/wp-json\/wp\/v2\/media?parent=13107"}],"wp:term":[{"taxonomy":"category","embeddable":true,"href":"https:\/\/catolicanet.net\/wp-cnet\/wp-json\/wp\/v2\/categories?post=13107"},{"taxonomy":"post_tag","embeddable":true,"href":"https:\/\/catolicanet.net\/wp-cnet\/wp-json\/wp\/v2\/tags?post=13107"}],"curies":[{"name":"wp","href":"https:\/\/api.w.org\/{rel}","templated":true}]}}