{"id":13102,"date":"2016-01-21T10:42:22","date_gmt":"2016-01-21T12:42:22","guid":{"rendered":"http:\/\/catolicanet.net\/wp-cnet\/2016\/01\/21\/unidos-em-oracao-pelo-padre-evaristo-debiasi\/"},"modified":"2017-05-31T13:08:27","modified_gmt":"2017-05-31T16:08:27","slug":"unidos-em-oracao-pelo-padre-evaristo-debiasi","status":"publish","type":"post","link":"https:\/\/catolicanet.net\/wp-cnet\/unidos-em-oracao-pelo-padre-evaristo-debiasi\/","title":{"rendered":"Unidos em Ora\u00e7\u00e3o pelo Padre Evaristo Debiasi"},"content":{"rendered":"<p style=\"text-align: justify;\"><img decoding=\"async\" src=\"http:\/\/catolicanet.com.br\/images\/stories\/geral\/52738552667e33e.jpg\" border=\"0\" align=\"left\" \/>A todos amigos, benfeitores, colaboradores e parceiros da Ajuda \u00e0 Igreja que Sofre: Vimos pedir as suas ora\u00e7\u00f5es pelo nosso Assistente Eclesi\u00e1stico, Padre Evaristo Debiasi.<\/p>\n<p>Ap\u00f3s complica\u00e7\u00e3o durante uma cirurgia, Padre Evaristo Debiasi se encontra hospitalizado e em delicado processo de recupera\u00e7\u00e3o.<\/p>\n<p>Rezemos com muita f\u00e9 pelo seu pronto restabelecimento.<br \/>Esperamos em breve enviar mais informa\u00e7\u00f5es sobre a recupera\u00e7\u00e3o do Pe. Evaristo<\/p>\n<p style=\"text-align: justify;\">Fonte: AIS<\/p>\n","protected":false},"excerpt":{"rendered":"<p>A todos amigos, benfeitores, colaboradores e parceiros da Ajuda \u00e0 Igreja que Sofre: Vimos pedir as suas ora\u00e7\u00f5es pelo nosso Assistente Eclesi\u00e1stico, Padre Evaristo Debiasi. Ap\u00f3s complica\u00e7\u00e3o durante uma cirurgia, Padre Evaristo Debiasi se encontra hospitalizado e em delicado processo de recupera\u00e7\u00e3o. Rezemos com muita f\u00e9 pelo seu pronto restabelecimento.Esperamos em breve enviar mais informa\u00e7\u00f5es [&hellip;]<\/p>\n","protected":false},"author":1,"featured_media":0,"comment_status":"open","ping_status":"open","sticky":false,"template":"","format":"standard","meta":{"footnotes":""},"categories":[4],"tags":[],"class_list":["post-13102","post","type-post","status-publish","format-standard","hentry","category-cotidiano"],"_links":{"self":[{"href":"https:\/\/catolicanet.net\/wp-cnet\/wp-json\/wp\/v2\/posts\/13102","targetHints":{"allow":["GET"]}}],"collection":[{"href":"https:\/\/catolicanet.net\/wp-cnet\/wp-json\/wp\/v2\/posts"}],"about":[{"href":"https:\/\/catolicanet.net\/wp-cnet\/wp-json\/wp\/v2\/types\/post"}],"author":[{"embeddable":true,"href":"https:\/\/catolicanet.net\/wp-cnet\/wp-json\/wp\/v2\/users\/1"}],"replies":[{"embeddable":true,"href":"https:\/\/catolicanet.net\/wp-cnet\/wp-json\/wp\/v2\/comments?post=13102"}],"version-history":[{"count":1,"href":"https:\/\/catolicanet.net\/wp-cnet\/wp-json\/wp\/v2\/posts\/13102\/revisions"}],"predecessor-version":[{"id":26556,"href":"https:\/\/catolicanet.net\/wp-cnet\/wp-json\/wp\/v2\/posts\/13102\/revisions\/26556"}],"wp:attachment":[{"href":"https:\/\/catolicanet.net\/wp-cnet\/wp-json\/wp\/v2\/media?parent=13102"}],"wp:term":[{"taxonomy":"category","embeddable":true,"href":"https:\/\/catolicanet.net\/wp-cnet\/wp-json\/wp\/v2\/categories?post=13102"},{"taxonomy":"post_tag","embeddable":true,"href":"https:\/\/catolicanet.net\/wp-cnet\/wp-json\/wp\/v2\/tags?post=13102"}],"curies":[{"name":"wp","href":"https:\/\/api.w.org\/{rel}","templated":true}]}}