{"id":13095,"date":"2016-01-20T17:09:55","date_gmt":"2016-01-20T19:09:55","guid":{"rendered":"http:\/\/catolicanet.net\/wp-cnet\/2016\/01\/20\/afegaos-se-revoltam-contra-marido-violento-que-decepou-nariz-da-esposa\/"},"modified":"2017-05-30T11:21:29","modified_gmt":"2017-05-30T14:21:29","slug":"afegaos-se-revoltam-contra-marido-violento-que-decepou-nariz-da-esposa","status":"publish","type":"post","link":"https:\/\/catolicanet.net\/wp-cnet\/afegaos-se-revoltam-contra-marido-violento-que-decepou-nariz-da-esposa\/","title":{"rendered":"Afeg\u00e3os se revoltam contra marido violento que decepou nariz da esposa"},"content":{"rendered":"<p style=\"text-align: justify;\"><img decoding=\"async\" src=\"http:\/\/catolicanet.com.br\/images\/stories\/geral\/xmasx-qslu.jpg\" border=\"0\" align=\"left\" \/>O incidente chama aten\u00e7\u00e3o para a viol\u00eancia end\u00eamica contra a mulher na sociedade afeg\u00e3<\/p>\n<p>A foto de uma mulher afeg\u00e3 cujo nariz foi decepado pelo marido em um acesso de raiva provocou revolta em todo o pa\u00eds, onde ativistas exigiram puni\u00e7\u00e3o para este \u201cato b\u00e1rbaro\u201d.<\/p>\n<p>Reza Gul, de 20 anos, foi levada \u00e0s pressas ao hospital ap\u00f3s ter sido atacada no domingo pelo marido com uma faca.<\/p>\n<p>\u201cMeu marido (Mohammad Khan) amarrou as minhas m\u00e3os e decepou o meu nariz\u201d, contou Gul \u00e0 AFP com voz fraca, de seu leito de hospital, usando um curativo branco no rosto.<\/p>\n<p>\u201cEle me torturou muito\u201d, acrescentou, com seu filho \u00fanico de um ano chorando ao seu lado.<\/p>\n<p>O incidente chama aten\u00e7\u00e3o para a viol\u00eancia end\u00eamica contra a mulher na sociedade afeg\u00e3, apesar das reformas adotadas desde que o regime linha dura dos talib\u00e3s foi deposto com a invas\u00e3o chefiada pelos Estados Unidos, em 2001.<\/p>\n<p>\u201cUm ato brutal e b\u00e1rbaro como este deveria ser fortemente condenado\u201d, afirmou \u00e0 AFP Alem\u00e3, uma ativista dos direitos das mulheres baseada em Cabul.<\/p>\n<p>\u201cTais incidentes n\u00e3o aconteceriam se o sistema judicial do governo punisse severamente ataques contra as mulheres\u201d, acrescentou Alem\u00e3, que se identificou dando um \u00fanico nome.<\/p>\n<p>A foto da mulher desfigurada foi amplamente compartilhada pelas redes sociais e promoveu apelos por uma a\u00e7\u00e3o dura contra o marido, depois do ataque registrado no distrito de Ghormach, na prov\u00edncia noroeste de Faryab.<\/p>\n<p>Autoridades locais afirmaram que Gul precisar\u00e1 de cirurgia reparadora, que \u00e9 imposs\u00edvel de fazer no hospital p\u00fablico local.<\/p>\n<p>Gul, que se casou h\u00e1 cinco anos, ainda adolescente, disse ter sofrido abusos f\u00edsicos de seu marido, que a for\u00e7ou a fugir para a casa de seus pais em uma \u00e1rea controlada pelo Talib\u00e3.<\/p>\n<p>Enquanto isso, disse ela, os insurgentes intermediaram seu caso, fazendo o marido, um desempregado, jurar ao Alcor\u00e3o que nunca mais a machucaria.<\/p>\n<p>Mas logo depois que ela voltou para ele, o marido decepou seu nariz.<\/p>\n<p>\u201cO povoado de Gul est\u00e1 sob controle talib\u00e3\u2026 Mas a pol\u00edcia est\u00e1 tentando pegar o marido\u201d, contou \u00e0 AFP o chefe da pol\u00edcia de Faryab, Sayed Aqa Andarabi.<\/p>\n<p>O governo afeg\u00e3o prometeu proteger os direitos das mulheres, mas n\u00e3o tem conseguido evitar ataques violentos.<\/p>\n<p>\u201cCasos terr\u00edveis como estes acontecem com muita frequ\u00eancia no Afeganist\u00e3o\u201d, disse \u00e0 AFP Heather Barr, pesquisador da organiza\u00e7\u00e3o de defesa dos direitos humanos Human Rights Watch.<\/p>\n<p>\u201cO n\u00edvel de impunidade para a viol\u00eancia contra as mulheres encoraja alguns homens a continuar a sentir que as mulheres s\u00e3o sua propriedade e a viol\u00eancia \u00e9 seu direito\u201d, acrescentou.<\/p>\n<p>Em novembro, uma jovem foi apedrejada at\u00e9 a morte ap\u00f3s ter sido acusada de adult\u00e9rio na prov\u00edncia central de Ghor.<\/p>\n<p>Em mar\u00e7o passado, uma mulher chamada Farkhunda foi severamente espancada e teve o corpo incendiado no centro de Cabul ap\u00f3s ter sido falsamente acusada de queimar o Alcor\u00e3o.<\/p>\n<p>O linchamento gerou intensos protestos em todo o pa\u00eds e chamou aten\u00e7\u00e3o internacional para o tratamento dado \u00e0s mulheres afeg\u00e3s.<\/p>\n<p>Em 2010, a revista Time publicou na capa uma foto de Bibi Aisha, de 18 anos. Ela tamb\u00e9m teve o nariz decepado pelo marido violento.<\/p>\n<p>A capa provocou uma onda global de simpatia por Aisha, que foi levada aos Estados Unidos, onde ganhou uma pr\u00f3tese de nariz.<\/p>\n<p style=\"text-align: justify;\">Fonte: Aleteia<\/p>\n","protected":false},"excerpt":{"rendered":"<p>O incidente chama aten\u00e7\u00e3o para a viol\u00eancia end\u00eamica contra a mulher na sociedade afeg\u00e3 A foto de uma mulher afeg\u00e3 cujo nariz foi decepado pelo marido em um acesso de raiva provocou revolta em todo o pa\u00eds, onde ativistas exigiram puni\u00e7\u00e3o para este \u201cato b\u00e1rbaro\u201d. Reza Gul, de 20 anos, foi levada \u00e0s pressas ao [&hellip;]<\/p>\n","protected":false},"author":1,"featured_media":0,"comment_status":"open","ping_status":"open","sticky":false,"template":"","format":"standard","meta":{"footnotes":""},"categories":[4],"tags":[],"class_list":["post-13095","post","type-post","status-publish","format-standard","hentry","category-cotidiano"],"_links":{"self":[{"href":"https:\/\/catolicanet.net\/wp-cnet\/wp-json\/wp\/v2\/posts\/13095","targetHints":{"allow":["GET"]}}],"collection":[{"href":"https:\/\/catolicanet.net\/wp-cnet\/wp-json\/wp\/v2\/posts"}],"about":[{"href":"https:\/\/catolicanet.net\/wp-cnet\/wp-json\/wp\/v2\/types\/post"}],"author":[{"embeddable":true,"href":"https:\/\/catolicanet.net\/wp-cnet\/wp-json\/wp\/v2\/users\/1"}],"replies":[{"embeddable":true,"href":"https:\/\/catolicanet.net\/wp-cnet\/wp-json\/wp\/v2\/comments?post=13095"}],"version-history":[{"count":1,"href":"https:\/\/catolicanet.net\/wp-cnet\/wp-json\/wp\/v2\/posts\/13095\/revisions"}],"predecessor-version":[{"id":24496,"href":"https:\/\/catolicanet.net\/wp-cnet\/wp-json\/wp\/v2\/posts\/13095\/revisions\/24496"}],"wp:attachment":[{"href":"https:\/\/catolicanet.net\/wp-cnet\/wp-json\/wp\/v2\/media?parent=13095"}],"wp:term":[{"taxonomy":"category","embeddable":true,"href":"https:\/\/catolicanet.net\/wp-cnet\/wp-json\/wp\/v2\/categories?post=13095"},{"taxonomy":"post_tag","embeddable":true,"href":"https:\/\/catolicanet.net\/wp-cnet\/wp-json\/wp\/v2\/tags?post=13095"}],"curies":[{"name":"wp","href":"https:\/\/api.w.org\/{rel}","templated":true}]}}