{"id":13090,"date":"2016-01-20T15:35:15","date_gmt":"2016-01-20T17:35:15","guid":{"rendered":"http:\/\/catolicanet.net\/wp-cnet\/2016\/01\/20\/voce-toma-decisoes-por-medo-ou-por-amor\/"},"modified":"2017-05-31T13:09:30","modified_gmt":"2017-05-31T16:09:30","slug":"voce-toma-decisoes-por-medo-ou-por-amor","status":"publish","type":"post","link":"https:\/\/catolicanet.net\/wp-cnet\/voce-toma-decisoes-por-medo-ou-por-amor\/","title":{"rendered":"Voc\u00ea toma decis\u00f5es por medo ou por amor?"},"content":{"rendered":"<p style=\"text-align: justify;\"><img decoding=\"async\" src=\"http:\/\/catolicanet.com.br\/images\/stories\/geral\/star_wars.jpg\" border=\"0\" align=\"left\" \/>A pergunta que n\u00e3o quer calar: voc\u00ea pretende controlar sua vida ou confiar em Deus?<\/p>\n<p style=\"text-align: justify;\">\u00c0s vezes deixo de fazer as coisas por achar que n\u00e3o \u00e9 a hora certa, ou porque me d\u00e1 medo de errar na tentativa. \u00c0s vezes paro e deixo de lutar, de amar, de me entregar.<\/p>\n<p>Em um ato ego\u00edsta, penso em mim, nos meus planos, nos meus desejos. Olho para mim, para as minhas necessidades, para o que me falta, para o que me alegra.<\/p>\n<p>Tenho receio de que minhas a\u00e7\u00f5es n\u00e3o se tornem realidade por causa do medo da vida. Me d\u00e1 medo perder aquilo por que anseio, perder o que tenho. O medo \u00e0s vezes nos acorrenta.<\/p>\n<p>Em um momento da saga Star Wars, o Mestre Yoda diz a Anakin: \u201cO medo \u00e9 o caminho para o lado negro. O medo leva a raiva, a raiva leva ao \u00f3dio, o \u00f3dio leva ao sofrimento\u201d.<\/p>\n<p>O medo que temos pode nos levar \u00e0 raiva, a lutar para n\u00e3o perder o que amamos. O medo pode nos fechar em n\u00f3s mesmos e pode acabar provocando aquilo que mais tememos.<\/p>\n<p>\u00c9 verdade, gostar\u00edamos de ser poderosos como Deus, ser como deuses. Poder controlar a vida e a morte. Mas somos fr\u00e1geis. Somos dependentes de um Deus que nos ama e nos conduz. Temos medo e muitas vezes n\u00e3o somos livres para amar.<\/p>\n<p>O medo de perder o que mais ama, a vida da sua esposa, leva Anakin a evitar sua morte usando qualquer m\u00e9todo. Ele quer ter poder para salvar sua vida, para que nunca morra.<\/p>\n<p>Na verdade, o cora\u00e7\u00e3o deseja um amor eterno, uma vida eterna. \u00c9 assim que Anakin passa para o lado negro, achando que dessa maneira possuiria um conhecimento mais profundo da vida e da morte.<\/p>\n<p>O medo o leva \u00e0 raiva, e a raiva o afasta daquela a quem tanto ama. E ent\u00e3o, ao passar para o mal, provoca a morte da sua mulher, que j\u00e1 n\u00e3o quer continuar vivendo.<\/p>\n<p>Sempre que penso nesse momento do filme, vejo a for\u00e7a das nossas escolhas. Optar pelo bem ou pelo mal. Querer controlar a vida e a morte ou confiar em um Deus que nos conduz.<\/p>\n<p>O que escolhemos nos forma e nos transforma. Nos torna melhores ou piores pessoas. Nossas decis\u00f5es marcam quem somos e o que podemos chegar a ser.<\/p>\n<p>Mas o medo muitas vezes decide nossas escolhas. Ent\u00e3o reflita: como voc\u00ea lida com seus medos ao pensar no futuro? O que voc\u00ea tem mais medo de perder? Voc\u00ea confia em um Deus misericordioso que ama voc\u00ea com loucura e jamais deixar\u00e1 seus passos se perderem?\u2026<\/p>\n<p style=\"text-align: justify;\">Fonte: Aleteia<\/p>\n","protected":false},"excerpt":{"rendered":"<p>A pergunta que n\u00e3o quer calar: voc\u00ea pretende controlar sua vida ou confiar em Deus? \u00c0s vezes deixo de fazer as coisas por achar que n\u00e3o \u00e9 a hora certa, ou porque me d\u00e1 medo de errar na tentativa. \u00c0s vezes paro e deixo de lutar, de amar, de me entregar. Em um ato ego\u00edsta, [&hellip;]<\/p>\n","protected":false},"author":1,"featured_media":0,"comment_status":"open","ping_status":"open","sticky":false,"template":"","format":"standard","meta":{"footnotes":""},"categories":[4],"tags":[],"class_list":["post-13090","post","type-post","status-publish","format-standard","hentry","category-cotidiano"],"_links":{"self":[{"href":"https:\/\/catolicanet.net\/wp-cnet\/wp-json\/wp\/v2\/posts\/13090","targetHints":{"allow":["GET"]}}],"collection":[{"href":"https:\/\/catolicanet.net\/wp-cnet\/wp-json\/wp\/v2\/posts"}],"about":[{"href":"https:\/\/catolicanet.net\/wp-cnet\/wp-json\/wp\/v2\/types\/post"}],"author":[{"embeddable":true,"href":"https:\/\/catolicanet.net\/wp-cnet\/wp-json\/wp\/v2\/users\/1"}],"replies":[{"embeddable":true,"href":"https:\/\/catolicanet.net\/wp-cnet\/wp-json\/wp\/v2\/comments?post=13090"}],"version-history":[{"count":1,"href":"https:\/\/catolicanet.net\/wp-cnet\/wp-json\/wp\/v2\/posts\/13090\/revisions"}],"predecessor-version":[{"id":26564,"href":"https:\/\/catolicanet.net\/wp-cnet\/wp-json\/wp\/v2\/posts\/13090\/revisions\/26564"}],"wp:attachment":[{"href":"https:\/\/catolicanet.net\/wp-cnet\/wp-json\/wp\/v2\/media?parent=13090"}],"wp:term":[{"taxonomy":"category","embeddable":true,"href":"https:\/\/catolicanet.net\/wp-cnet\/wp-json\/wp\/v2\/categories?post=13090"},{"taxonomy":"post_tag","embeddable":true,"href":"https:\/\/catolicanet.net\/wp-cnet\/wp-json\/wp\/v2\/tags?post=13090"}],"curies":[{"name":"wp","href":"https:\/\/api.w.org\/{rel}","templated":true}]}}