{"id":13089,"date":"2016-01-20T15:24:29","date_gmt":"2016-01-20T17:24:29","guid":{"rendered":"http:\/\/catolicanet.net\/wp-cnet\/2016\/01\/20\/aberto-o-forum-economico-de-davos\/"},"modified":"2017-06-02T09:35:33","modified_gmt":"2017-06-02T12:35:33","slug":"aberto-o-forum-economico-de-davos","status":"publish","type":"post","link":"https:\/\/catolicanet.net\/wp-cnet\/aberto-o-forum-economico-de-davos\/","title":{"rendered":"Aberto o F\u00f3rum Econ\u00f4mico de Davos"},"content":{"rendered":"<p style=\"text-align: justify;\"><img decoding=\"async\" src=\"http:\/\/catolicanet.com.br\/images\/stories\/geral\/afp4889833.jpg\" border=\"0\" align=\"left\" \/>Um relat\u00f3rio elaborado pela organiza\u00e7\u00e3o n\u00e3o-Governamental Oxfam aponta que a riqueza acumulada por 1% da popula\u00e7\u00e3o mundial superou a dos 99% restantes em 2015.<\/p>\n<p>Os dados da ONG brit\u00e2nica, divulgados pouco antes do F\u00f3rum Econ\u00f4mico Mundial de Davos, na Su\u00ed\u00e7a, que come\u00e7a hoje, indicam que \u201co fosso entre a parcela dos mais ricos e o resto da popula\u00e7\u00e3o aumentou de forma dram\u00e1tica nos \u00faltimos 12 meses\u201d.<\/p>\n<p>O relat\u00f3rio, intitulado \u201cUma economia a servi\u00e7o de 1%\u201d, destaca que isso aconteceu um ano antes do estimado no estudo de 2015.<\/p>\n<p>Oxfam pede a a\u00e7\u00e3o dos pa\u00edses <\/p>\n<p>\u201cN\u00e3o podemos continuar a deixar que milh\u00f5es de pessoas tenham fome, quando os recursos para ajuda est\u00e3o concentrados, no mais alto n\u00edvel, em t\u00e3o poucas pessoas\u201d, afirma Manon Aubry, diretora dos Assuntos de Justi\u00e7a Fiscal e Desigualdades da Oxfam na Fran\u00e7a.<\/p>\n<p>A Oxfam critica a a\u00e7\u00e3o de lobistas &#8211; que influenciam decis\u00f5es pol\u00edticas que interessam empresas &#8211; e a quantidade de dinheiro acumulada em para\u00edsos fiscais. Pede que os governos tomem provid\u00eancias para reverter esta tend\u00eancia e sugere a meta, por exemplo, de reduzir a diferen\u00e7a entre o que \u00e9 pago a trabalhadores que recebem sal\u00e1rio m\u00ednimo e o sal\u00e1rio dos executivos.<\/p>\n<p>Objetivos do F\u00f3rum<\/p>\n<p>Criado para \u201ccontribuir na solu\u00e7\u00e3o dos problemas da nossa \u00e9poca\u201d, o F\u00f3rum Econ\u00f4mico Mundial se realiza anualmente nesta esta\u00e7\u00e3o de esqui sui\u00e7a aonde se re\u00fanem l\u00edderes empresariais e governamentais de todo o mundo, acad\u00eamicos, jornalistas e representantes da sociedade civil para discutir os desafios para o desenvolvimento mundial e melhorar o ambiente de neg\u00f3cios.<\/p>\n<p>A 46\u00aa edi\u00e7\u00e3o \u00e9 dedicada \u00e0 \u201cQuarta revolu\u00e7\u00e3o industrial\u201d e se realiza no momento em que o medo da amea\u00e7a terrorista e a falta de respostas coerentes para a crise de refugiados na Europa se unem \u00e0s dificuldades que a economia mundial encontra para voltar a crescer e \u00e0 forte desacelera\u00e7\u00e3o das economias emergentes.<\/p>\n<p>Participa\u00e7\u00e3o feminina aumenta<\/p>\n<p>A organiza\u00e7\u00e3o do F\u00f3rum estima que o evento tenha este ano mais de 500 participantes do sexo feminino, cerca de 18% do total, e mais 1% do que em 2015. S\u00e3o pol\u00edticas, empres\u00e1rias e pesquisadoras que est\u00e3o assumindo um papel de lideran\u00e7a no mundo de hoje e construindo as bases da economia do futuro.<\/p>\n<p>Davos atrai muitas teorias da conspira\u00e7\u00e3o, mas o evento n\u00e3o tem passado de um grande encontro de conversas informais. Nos \u00faltimos anos, os organizadores reduziram os convites a chefes de Estado, para manter o car\u00e1ter econ\u00f4mico e privado do evento.\u00a0 <\/p>\n<p>Cr\u00edticos dizem que ele s\u00f3 serve para aumentar a globaliza\u00e7\u00e3o e este \u00e9 um dos pontos mais pol\u00eamicos do F\u00f3rum. Enquanto se registram cada vez mais manifesta\u00e7\u00f5es antiglobaliza\u00e7\u00e3o, os organizadores garantem que o F\u00f3rum serve apenas para \u201cmelhorar o estado do mundo\u201d.<\/p>\n<p>\u00c9 comum aparecerem artistas no F\u00f3rum para chamar a aten\u00e7\u00e3o para temas quentes em debate. Este ano, por exemplo, Leonardo DiCaprio levar\u00e1 a Davos o seu empenho no combate \u00e0s altera\u00e7\u00f5es clim\u00e1ticas.<\/p>\n<p>O Brasil no evento<\/p>\n<p>O ministro da Fazenda, Nelson Barbosa, \u00e9 o \u00fanico representante do primeiro escal\u00e3o do governo brasileiro a participar do encontro. Desde 2011, quando assumiu o cargo, a presidente Dilma Rousseff foi ao F\u00f3rum de Davos uma \u00fanica vez, em 2014.<\/p>\n<p style=\"text-align: justify;\">Fonte: R\u00e1dio Vaticano<\/p>\n","protected":false},"excerpt":{"rendered":"<p>Um relat\u00f3rio elaborado pela organiza\u00e7\u00e3o n\u00e3o-Governamental Oxfam aponta que a riqueza acumulada por 1% da popula\u00e7\u00e3o mundial superou a dos 99% restantes em 2015. Os dados da ONG brit\u00e2nica, divulgados pouco antes do F\u00f3rum Econ\u00f4mico Mundial de Davos, na Su\u00ed\u00e7a, que come\u00e7a hoje, indicam que \u201co fosso entre a parcela dos mais ricos e o [&hellip;]<\/p>\n","protected":false},"author":1,"featured_media":0,"comment_status":"open","ping_status":"open","sticky":false,"template":"","format":"standard","meta":{"footnotes":""},"categories":[3],"tags":[],"class_list":["post-13089","post","type-post","status-publish","format-standard","hentry","category-vaticano"],"_links":{"self":[{"href":"https:\/\/catolicanet.net\/wp-cnet\/wp-json\/wp\/v2\/posts\/13089","targetHints":{"allow":["GET"]}}],"collection":[{"href":"https:\/\/catolicanet.net\/wp-cnet\/wp-json\/wp\/v2\/posts"}],"about":[{"href":"https:\/\/catolicanet.net\/wp-cnet\/wp-json\/wp\/v2\/types\/post"}],"author":[{"embeddable":true,"href":"https:\/\/catolicanet.net\/wp-cnet\/wp-json\/wp\/v2\/users\/1"}],"replies":[{"embeddable":true,"href":"https:\/\/catolicanet.net\/wp-cnet\/wp-json\/wp\/v2\/comments?post=13089"}],"version-history":[{"count":1,"href":"https:\/\/catolicanet.net\/wp-cnet\/wp-json\/wp\/v2\/posts\/13089\/revisions"}],"predecessor-version":[{"id":27627,"href":"https:\/\/catolicanet.net\/wp-cnet\/wp-json\/wp\/v2\/posts\/13089\/revisions\/27627"}],"wp:attachment":[{"href":"https:\/\/catolicanet.net\/wp-cnet\/wp-json\/wp\/v2\/media?parent=13089"}],"wp:term":[{"taxonomy":"category","embeddable":true,"href":"https:\/\/catolicanet.net\/wp-cnet\/wp-json\/wp\/v2\/categories?post=13089"},{"taxonomy":"post_tag","embeddable":true,"href":"https:\/\/catolicanet.net\/wp-cnet\/wp-json\/wp\/v2\/tags?post=13089"}],"curies":[{"name":"wp","href":"https:\/\/api.w.org\/{rel}","templated":true}]}}