{"id":13087,"date":"2016-01-20T15:15:48","date_gmt":"2016-01-20T17:15:48","guid":{"rendered":"http:\/\/catolicanet.net\/wp-cnet\/2016\/01\/20\/papa-recebe-convite-para-visitar-mesquita\/"},"modified":"2017-05-30T11:21:44","modified_gmt":"2017-05-30T14:21:44","slug":"papa-recebe-convite-para-visitar-mesquita","status":"publish","type":"post","link":"https:\/\/catolicanet.net\/wp-cnet\/papa-recebe-convite-para-visitar-mesquita\/","title":{"rendered":"Papa recebe convite para visitar Mesquita"},"content":{"rendered":"<p style=\"text-align: justify;\"><img decoding=\"async\" src=\"http:\/\/catolicanet.com.br\/images\/stories\/geral\/ossrom92520_articolo.jpg\" border=\"0\" align=\"left\" \/>O Papa recebeu em um cordial encontro antes da Audi\u00eancia geral, na manh\u00e3 da quarta-feira (20\/01), uma delega\u00e7\u00e3o da Comunidade isl\u00e2mica italiana.<\/p>\n<p>Durante o encontro, foi formulado oficialmente o pedido para que o Papa Francisco visite a grande Mesquita de Roma. Caso aceite, Francisco ser\u00e1 o primeiro Pont\u00edfice a visitar aquela que \u00e9 considerada a maior mesquita do Ocidente. (RB)<\/p>\n<p style=\"text-align: justify;\">Fonte: R\u00e1dio Vaticano<\/p>\n","protected":false},"excerpt":{"rendered":"<p>O Papa recebeu em um cordial encontro antes da Audi\u00eancia geral, na manh\u00e3 da quarta-feira (20\/01), uma delega\u00e7\u00e3o da Comunidade isl\u00e2mica italiana. Durante o encontro, foi formulado oficialmente o pedido para que o Papa Francisco visite a grande Mesquita de Roma. Caso aceite, Francisco ser\u00e1 o primeiro Pont\u00edfice a visitar aquela que \u00e9 considerada a [&hellip;]<\/p>\n","protected":false},"author":1,"featured_media":0,"comment_status":"open","ping_status":"open","sticky":false,"template":"","format":"standard","meta":{"footnotes":""},"categories":[3],"tags":[],"class_list":["post-13087","post","type-post","status-publish","format-standard","hentry","category-vaticano"],"_links":{"self":[{"href":"https:\/\/catolicanet.net\/wp-cnet\/wp-json\/wp\/v2\/posts\/13087","targetHints":{"allow":["GET"]}}],"collection":[{"href":"https:\/\/catolicanet.net\/wp-cnet\/wp-json\/wp\/v2\/posts"}],"about":[{"href":"https:\/\/catolicanet.net\/wp-cnet\/wp-json\/wp\/v2\/types\/post"}],"author":[{"embeddable":true,"href":"https:\/\/catolicanet.net\/wp-cnet\/wp-json\/wp\/v2\/users\/1"}],"replies":[{"embeddable":true,"href":"https:\/\/catolicanet.net\/wp-cnet\/wp-json\/wp\/v2\/comments?post=13087"}],"version-history":[{"count":1,"href":"https:\/\/catolicanet.net\/wp-cnet\/wp-json\/wp\/v2\/posts\/13087\/revisions"}],"predecessor-version":[{"id":24497,"href":"https:\/\/catolicanet.net\/wp-cnet\/wp-json\/wp\/v2\/posts\/13087\/revisions\/24497"}],"wp:attachment":[{"href":"https:\/\/catolicanet.net\/wp-cnet\/wp-json\/wp\/v2\/media?parent=13087"}],"wp:term":[{"taxonomy":"category","embeddable":true,"href":"https:\/\/catolicanet.net\/wp-cnet\/wp-json\/wp\/v2\/categories?post=13087"},{"taxonomy":"post_tag","embeddable":true,"href":"https:\/\/catolicanet.net\/wp-cnet\/wp-json\/wp\/v2\/tags?post=13087"}],"curies":[{"name":"wp","href":"https:\/\/api.w.org\/{rel}","templated":true}]}}