{"id":13086,"date":"2016-01-20T15:09:30","date_gmt":"2016-01-20T17:09:30","guid":{"rendered":"http:\/\/catolicanet.net\/wp-cnet\/2016\/01\/20\/papa-oferece-ajuda-a-sem-teto-que-deu-a-luz-na-rua\/"},"modified":"2017-06-02T13:04:45","modified_gmt":"2017-06-02T16:04:45","slug":"papa-oferece-ajuda-a-sem-teto-que-deu-a-luz-na-rua","status":"publish","type":"post","link":"https:\/\/catolicanet.net\/wp-cnet\/papa-oferece-ajuda-a-sem-teto-que-deu-a-luz-na-rua\/","title":{"rendered":"Papa oferece ajuda a sem-teto que deu \u00e0 luz na rua"},"content":{"rendered":"<p style=\"text-align: justify;\"><img decoding=\"async\" src=\"http:\/\/catolicanet.com.br\/images\/stories\/geral\/ansa924087_articolo.jpg\" border=\"0\" align=\"left\" \/>O Papa Francisco ofereceu um ano de hospitalidade a uma jovem romena sem-teto de 37 anos que deu \u00e0 luz uma menina na madrugada desta quarta-feira (20\/01), nas proximidades da Pra\u00e7a S\u00e3o Pedro. A jovem foi ajudada por uma policial italiana e seus colegas, segundo informa\u00e7\u00f5es da Pol\u00edcia local. <\/p>\n<p>Os policiais foram avisados de que uma mulher estava tendo uma crian\u00e7a na Pra\u00e7a Pio XII, perto da Pra\u00e7a S\u00e3o Pedro. Depois do parto, a jovem acabou sendo levada para o Hospital Santo Esp\u00edrito, onde foi internada. As temperaturas durante a noite na capital italiana estiveram abaixo de zero.<\/p>\n<p>O Esmoleiro Pontif\u00edcio, Dom Konrad Krajewski, visitou a jovem romena e afirmou que o Pont\u00edfice ofereceu um ano de hospitalidade a ela e sua filha na casa das Irm\u00e3s de Madre Teresa, no bairro romano de Primavalle.<\/p>\n<p>\u201cAgora, ela tem de ver o que deseja fazer\u201d, disse o Diretor da Sala de Imprensa da Santa S\u00e9, Pe. Federico Lombardi, referindo-se \u00e0 mulher.<\/p>\n<p>Segundo o porta-voz vaticano, Dom Krajewski disse que a jovem romena \u00e9 conhecida naquela \u00e1rea porque usa os banheiros instalados no bra\u00e7o direito da Colunata de Bernini, na Pra\u00e7a de S\u00e3o Pedro, \u00e0 disposi\u00e7\u00e3o dos pobres. <\/p>\n<p>No passado, foi oferecido um abrigo \u00e0 romena e seu companheiro, mas a mulher sempre recusou.<\/p>\n<p style=\"text-align: justify;\">Fonte: R\u00e1dio Vaticano<\/p>\n","protected":false},"excerpt":{"rendered":"<p>O Papa Francisco ofereceu um ano de hospitalidade a uma jovem romena sem-teto de 37 anos que deu \u00e0 luz uma menina na madrugada desta quarta-feira (20\/01), nas proximidades da Pra\u00e7a S\u00e3o Pedro. A jovem foi ajudada por uma policial italiana e seus colegas, segundo informa\u00e7\u00f5es da Pol\u00edcia local. Os policiais foram avisados de que [&hellip;]<\/p>\n","protected":false},"author":1,"featured_media":0,"comment_status":"open","ping_status":"open","sticky":false,"template":"","format":"standard","meta":{"footnotes":""},"categories":[3],"tags":[],"class_list":["post-13086","post","type-post","status-publish","format-standard","hentry","category-vaticano"],"_links":{"self":[{"href":"https:\/\/catolicanet.net\/wp-cnet\/wp-json\/wp\/v2\/posts\/13086","targetHints":{"allow":["GET"]}}],"collection":[{"href":"https:\/\/catolicanet.net\/wp-cnet\/wp-json\/wp\/v2\/posts"}],"about":[{"href":"https:\/\/catolicanet.net\/wp-cnet\/wp-json\/wp\/v2\/types\/post"}],"author":[{"embeddable":true,"href":"https:\/\/catolicanet.net\/wp-cnet\/wp-json\/wp\/v2\/users\/1"}],"replies":[{"embeddable":true,"href":"https:\/\/catolicanet.net\/wp-cnet\/wp-json\/wp\/v2\/comments?post=13086"}],"version-history":[{"count":1,"href":"https:\/\/catolicanet.net\/wp-cnet\/wp-json\/wp\/v2\/posts\/13086\/revisions"}],"predecessor-version":[{"id":28390,"href":"https:\/\/catolicanet.net\/wp-cnet\/wp-json\/wp\/v2\/posts\/13086\/revisions\/28390"}],"wp:attachment":[{"href":"https:\/\/catolicanet.net\/wp-cnet\/wp-json\/wp\/v2\/media?parent=13086"}],"wp:term":[{"taxonomy":"category","embeddable":true,"href":"https:\/\/catolicanet.net\/wp-cnet\/wp-json\/wp\/v2\/categories?post=13086"},{"taxonomy":"post_tag","embeddable":true,"href":"https:\/\/catolicanet.net\/wp-cnet\/wp-json\/wp\/v2\/tags?post=13086"}],"curies":[{"name":"wp","href":"https:\/\/api.w.org\/{rel}","templated":true}]}}