{"id":13084,"date":"2016-01-20T14:07:48","date_gmt":"2016-01-20T16:07:48","guid":{"rendered":"http:\/\/catolicanet.net\/wp-cnet\/2016\/01\/20\/seminaristas-da-diocese-de-marilia-sp-iniciam-semana-missionaria-com-missa-e-envio\/"},"modified":"2017-05-31T13:09:30","modified_gmt":"2017-05-31T16:09:30","slug":"seminaristas-da-diocese-de-marilia-sp-iniciam-semana-missionaria-com-missa-e-envio","status":"publish","type":"post","link":"https:\/\/catolicanet.net\/wp-cnet\/seminaristas-da-diocese-de-marilia-sp-iniciam-semana-missionaria-com-missa-e-envio\/","title":{"rendered":"Seminaristas da diocese de Mar\u00edlia (SP) iniciam Semana Mission\u00e1ria com missa e envio"},"content":{"rendered":"<p style=\"text-align: justify;\"><img decoding=\"async\" src=\"http:\/\/catolicanet.com.br\/images\/stories\/geral\/000 a a a amarilia capa.jpg\" border=\"0\" align=\"left\" \/>Aproximadamente mil pessoas participaram da celebra\u00e7\u00e3o eucar\u00edstica no domingo, dia 17, na abertura da Semana Mission\u00e1ria da Diocese de Mar\u00edlia (SP). Tr\u00eas comunidades ser\u00e3o visitadas pelos seminaristas ao longo dos dias. Ao todo, novecentas resid\u00eancias receber\u00e3o os mission\u00e1rios.<br \/>Presidida pelo bispo diocesano, dom Luiz Antonio Cipolini, na par\u00f3quia Santa Rita de C\u00e1ssia, em Mar\u00edlia (SP), a missa marcou o envio dos 24 seminaristas que visitar\u00e3o as casas da comunidade paroquial.<\/p>\n<p>Em sua homilia, o bispo explicou que Deus ama todos os seres humanos e, por isso, \u00e9 sempre fiel. \u201cOnde h\u00e1 amor, existe alegria. Se nos ofertamos inteiramente ao amor divino, tamb\u00e9m com amor Ele faz a transforma\u00e7\u00e3o em nossas vidas\u201d.<\/p>\n<p>Retomando o Evangelho das Bodas de Can\u00e1 (Jo 2,1-11) e a leitura da carta de S\u00e3o Paulo aos Cor\u00edntios (1Cor 12,4-11), dom Luiz Antonio destacou que o amor de Deus \u00e9 fonte de todos os carismas: \u201cpor tal raz\u00e3o, os dons recebidos devem ser motivo de agradecimento e n\u00e3o de competi\u00e7\u00e3o entre n\u00f3s, eles (os carismas) n\u00e3o nos foram dados para a nossa pr\u00f3pria divis\u00e3o, mas sim para juntos construirmos o Reino dos C\u00e9us\u201d.<\/p>\n<p>Dirigindo-se aos mission\u00e1rios, dom Luiz os encorajou diante dos desafios da miss\u00e3o: \u201cNa cruz, Jesus fez o maior sacrif\u00edcio por amor a cada um de n\u00f3s e, em agradecimento, precisamos viver com amor e alegria\u201d, motivou-os.<\/p>\n<p>Al\u00e9m das pessoas que recepcionaram os seminaristas, a celebra\u00e7\u00e3o tamb\u00e9m contou com a presen\u00e7a do p\u00e1roco, padre Luiz Eduardo Cardoso de S\u00e1, e do di\u00e1cono Willians Roque de Brito.<\/p>\n<p>Visitas mission\u00e1rias<br \/>A partir desta segunda-feira (18), at\u00e9 o pr\u00f3ximo s\u00e1bado, dia 23, as novecentas resid\u00eancias inscritas na iniciativa mission\u00e1ria receber\u00e3o as visitas dos seminaristas diocesanos. Segundo a organiza\u00e7\u00e3o, as comunidades S\u00e3o Francisco, S\u00e3o Jos\u00e9 e Sant\u00b4Ana e S\u00e3o Joaquim ser\u00e3o atendidas pelos mission\u00e1rios.<\/p>\n<p>Na oportunidade, sempre acompanhados por paroquianos locais, os futuros padres aben\u00e7oar\u00e3o as casas e, atrav\u00e9s de momentos de ora\u00e7\u00e3o, levar\u00e3o a Palavra de Deus aos moradores. Com aten\u00e7\u00e3o especial aos enfermos, o bispo, o p\u00e1roco e o di\u00e1cono, bem como outros padres que aderiram \u00e0 proposta, por meio de visitas mission\u00e1rias, tamb\u00e9m percorrer\u00e3o as ruas dos bairros que comp\u00f5em a comunidade paroquial.<\/p>\n<p>Al\u00e9m das visitas que acontecer\u00e3o durante o dia, simultaneamente nas comunidades, no per\u00edodo da noite, acontecer\u00e3o atividades, como missa, ter\u00e7o luminoso, via-sacra e adora\u00e7\u00e3o ao Sant\u00edssimo.<\/p>\n<p>Toda a movimenta\u00e7\u00e3o da Semana Mission\u00e1ria pode ser acompanhada pela fanpage (www.facebook.com\/semanamissionaria).<\/p>\n<p>Com informa\u00e7\u00f5es do Comise de Mar\u00edlia. Fotos: Erica Montilha<\/p>\n<p style=\"text-align: justify;\">Fonte: POM<\/p>\n","protected":false},"excerpt":{"rendered":"<p>Aproximadamente mil pessoas participaram da celebra\u00e7\u00e3o eucar\u00edstica no domingo, dia 17, na abertura da Semana Mission\u00e1ria da Diocese de Mar\u00edlia (SP). Tr\u00eas comunidades ser\u00e3o visitadas pelos seminaristas ao longo dos dias. Ao todo, novecentas resid\u00eancias receber\u00e3o os mission\u00e1rios.Presidida pelo bispo diocesano, dom Luiz Antonio Cipolini, na par\u00f3quia Santa Rita de C\u00e1ssia, em Mar\u00edlia (SP), a [&hellip;]<\/p>\n","protected":false},"author":1,"featured_media":0,"comment_status":"open","ping_status":"open","sticky":false,"template":"","format":"standard","meta":{"footnotes":""},"categories":[4],"tags":[],"class_list":["post-13084","post","type-post","status-publish","format-standard","hentry","category-cotidiano"],"_links":{"self":[{"href":"https:\/\/catolicanet.net\/wp-cnet\/wp-json\/wp\/v2\/posts\/13084","targetHints":{"allow":["GET"]}}],"collection":[{"href":"https:\/\/catolicanet.net\/wp-cnet\/wp-json\/wp\/v2\/posts"}],"about":[{"href":"https:\/\/catolicanet.net\/wp-cnet\/wp-json\/wp\/v2\/types\/post"}],"author":[{"embeddable":true,"href":"https:\/\/catolicanet.net\/wp-cnet\/wp-json\/wp\/v2\/users\/1"}],"replies":[{"embeddable":true,"href":"https:\/\/catolicanet.net\/wp-cnet\/wp-json\/wp\/v2\/comments?post=13084"}],"version-history":[{"count":1,"href":"https:\/\/catolicanet.net\/wp-cnet\/wp-json\/wp\/v2\/posts\/13084\/revisions"}],"predecessor-version":[{"id":26565,"href":"https:\/\/catolicanet.net\/wp-cnet\/wp-json\/wp\/v2\/posts\/13084\/revisions\/26565"}],"wp:attachment":[{"href":"https:\/\/catolicanet.net\/wp-cnet\/wp-json\/wp\/v2\/media?parent=13084"}],"wp:term":[{"taxonomy":"category","embeddable":true,"href":"https:\/\/catolicanet.net\/wp-cnet\/wp-json\/wp\/v2\/categories?post=13084"},{"taxonomy":"post_tag","embeddable":true,"href":"https:\/\/catolicanet.net\/wp-cnet\/wp-json\/wp\/v2\/tags?post=13084"}],"curies":[{"name":"wp","href":"https:\/\/api.w.org\/{rel}","templated":true}]}}