{"id":13078,"date":"2016-01-19T18:43:51","date_gmt":"2016-01-19T20:43:51","guid":{"rendered":"http:\/\/catolicanet.net\/wp-cnet\/2016\/01\/19\/curia-metropolitana-sedia-segundo-modulo-da-escola-de-formacao-para-educadores-catolicos\/"},"modified":"2017-05-26T16:21:17","modified_gmt":"2017-05-26T19:21:17","slug":"curia-metropolitana-sedia-segundo-modulo-da-escola-de-formacao-para-educadores-catolicos","status":"publish","type":"post","link":"https:\/\/catolicanet.net\/wp-cnet\/curia-metropolitana-sedia-segundo-modulo-da-escola-de-formacao-para-educadores-catolicos\/","title":{"rendered":"C\u00faria Metropolitana sedia segundo m\u00f3dulo da Escola de Forma\u00e7\u00e3o para Educadores Cat\u00f3licos"},"content":{"rendered":"<p style=\"text-align: justify;\"><img decoding=\"async\" src=\"http:\/\/catolicanet.com.br\/images\/stories\/geral\/efec_interna.jpg\" border=\"0\" align=\"left\" \/>Evento segue at\u00e9 o dia 24<\/p>\n<p>Com o tema \u201cO disc\u00edpulo e o estilo pedag\u00f3gico do Mestre Jesus\u201d, a C\u00faria Metropolitana de Juiz de Fora sediar\u00e1 o segundo m\u00f3dulo da Escola de Forma\u00e7\u00e3o para Educadores Cat\u00f3licos (EFEC), no edif\u00edcio Christus Lumen Gentium, a partir desta quarta-feira, dia 20 de janeiro.<\/p>\n<p>Esta edi\u00e7\u00e3o do encontro, cujo primeiro m\u00f3dulo foi realizado em julho de 2015, \u00e9 uma realiza\u00e7\u00e3o da arquidiocese de Juiz de Fora, em parceria com a Comunidade Resgate, da Comunidade Cat\u00f3lica Querigma de S\u00e3o Carlos (SP), a Comunidade Oper\u00e1rios da Messe, de Santa B\u00e1rbara D\u2019Oeste (SP) e a Alian\u00e7a da Miseric\u00f3rdia, de S\u00e3o Paulo. <\/p>\n<p>Entre os convidados a palestrarem, est\u00e3o o arcebispo de Juiz de Fora, dom Gil Ant\u00f4nio Moreira, e o escritor e apresentador Felipe Aquino. O segundo m\u00f3dulo da EFEC ser\u00e1 realizado no audit\u00f3rio Mater Ecclesiae e segue at\u00e9 o dia 24 de janeiro.<br \/>Confira os temas a serem abordados no encontro:<\/p>\n<p>1) O Documento de Aparecida e o processo formativo dos disc\u00edpulos mission\u00e1rios<\/p>\n<p>2) O testamento pastoral de Jesus: formar disc\u00edpulos-mestres<\/p>\n<p>3) O contexto formativo do mundo israelita e a educa\u00e7\u00e3o que Jesus recebeu<\/p>\n<p>4) Os m\u00e9todos e as atitudes que distinguem Jesus como mestre<\/p>\n<p>5) Estabelecimento de condi\u00e7\u00f5es pr\u00e9vias para se iniciar um itiner\u00e1rio de discipulado<\/p>\n<p>6) As rela\u00e7\u00f5es essenciais do ser humano: com o mundo, com os demais, consigo mesmo e com Deus<\/p>\n<p>7) A forma\u00e7\u00e3o de um disc\u00edpulo de Jesus<\/p>\n<p>8) A Teologia do Corpo, de S\u00e3o Jo\u00e3o Paulo II<\/p>\n<p>9) O Magist\u00e9rio da Igreja e a lei natural<\/p>\n<p>10) Algumas quest\u00f5es fundamentais do ensino moral da Igreja<\/p>\n<p>11) As pessoas consagradas e os fi\u00e9is leigos: testemunhas da f\u00e9 na escola<br \/>Com informa\u00e7\u00f5es da arquidiocese de Juiz de Fora<\/p>\n<p>Fonte: CNBB<\/p>\n","protected":false},"excerpt":{"rendered":"<p>Evento segue at\u00e9 o dia 24 Com o tema \u201cO disc\u00edpulo e o estilo pedag\u00f3gico do Mestre Jesus\u201d, a C\u00faria Metropolitana de Juiz de Fora sediar\u00e1 o segundo m\u00f3dulo da Escola de Forma\u00e7\u00e3o para Educadores Cat\u00f3licos (EFEC), no edif\u00edcio Christus Lumen Gentium, a partir desta quarta-feira, dia 20 de janeiro. Esta edi\u00e7\u00e3o do encontro, cujo [&hellip;]<\/p>\n","protected":false},"author":1,"featured_media":0,"comment_status":"open","ping_status":"open","sticky":false,"template":"","format":"standard","meta":{"footnotes":""},"categories":[7],"tags":[],"class_list":["post-13078","post","type-post","status-publish","format-standard","hentry","category-cnbb"],"_links":{"self":[{"href":"https:\/\/catolicanet.net\/wp-cnet\/wp-json\/wp\/v2\/posts\/13078","targetHints":{"allow":["GET"]}}],"collection":[{"href":"https:\/\/catolicanet.net\/wp-cnet\/wp-json\/wp\/v2\/posts"}],"about":[{"href":"https:\/\/catolicanet.net\/wp-cnet\/wp-json\/wp\/v2\/types\/post"}],"author":[{"embeddable":true,"href":"https:\/\/catolicanet.net\/wp-cnet\/wp-json\/wp\/v2\/users\/1"}],"replies":[{"embeddable":true,"href":"https:\/\/catolicanet.net\/wp-cnet\/wp-json\/wp\/v2\/comments?post=13078"}],"version-history":[{"count":1,"href":"https:\/\/catolicanet.net\/wp-cnet\/wp-json\/wp\/v2\/posts\/13078\/revisions"}],"predecessor-version":[{"id":23923,"href":"https:\/\/catolicanet.net\/wp-cnet\/wp-json\/wp\/v2\/posts\/13078\/revisions\/23923"}],"wp:attachment":[{"href":"https:\/\/catolicanet.net\/wp-cnet\/wp-json\/wp\/v2\/media?parent=13078"}],"wp:term":[{"taxonomy":"category","embeddable":true,"href":"https:\/\/catolicanet.net\/wp-cnet\/wp-json\/wp\/v2\/categories?post=13078"},{"taxonomy":"post_tag","embeddable":true,"href":"https:\/\/catolicanet.net\/wp-cnet\/wp-json\/wp\/v2\/tags?post=13078"}],"curies":[{"name":"wp","href":"https:\/\/api.w.org\/{rel}","templated":true}]}}