{"id":13075,"date":"2016-01-19T15:41:57","date_gmt":"2016-01-19T17:41:57","guid":{"rendered":"http:\/\/catolicanet.net\/wp-cnet\/2016\/01\/19\/as-7-promessas-e-as-4-gracas-aos-devotos-de-nossa-senhora-das-dores\/"},"modified":"2017-05-31T13:09:30","modified_gmt":"2017-05-31T16:09:30","slug":"as-7-promessas-e-as-4-gracas-aos-devotos-de-nossa-senhora-das-dores","status":"publish","type":"post","link":"https:\/\/catolicanet.net\/wp-cnet\/as-7-promessas-e-as-4-gracas-aos-devotos-de-nossa-senhora-das-dores\/","title":{"rendered":"As 7 promessas e as 4 gra\u00e7as aos devotos de Nossa Senhora das Dores"},"content":{"rendered":"<p style=\"text-align: justify;\"><img decoding=\"async\" src=\"http:\/\/catolicanet.com.br\/images\/stories\/geral\/7-dores-de-maria.png\" border=\"0\" align=\"left\" \/>Antes chamada Sete Dores de Maria, esta \u00e9 a devo\u00e7\u00e3o com que honramos o sofrimento de Maria acolhido livremente na reden\u00e7\u00e3o mediante a cruz<\/p>\n<p>Antes, a devo\u00e7\u00e3o celebrava as chamadas Sete Dores de Maria. Foi o papa Pio X quem substituiu esse t\u00edtulo pelo atual, recordado no dia 15 de setembro: Virgem Dolorosa, ou Nossa Senhora das Dores.<\/p>\n<p>\u00c9 com este t\u00edtulo que n\u00f3s, cat\u00f3licos, honramos o sofrimento de Maria, acolhido livremente na reden\u00e7\u00e3o mediante a cruz. Foi junto \u00e0 Cruz que a M\u00e3e do Cristo crucificado se tornou a M\u00e3e do Corpo M\u00edstico plasmado na Cruz: a Igreja.<\/p>\n<p>A devo\u00e7\u00e3o popular, que precede a celebra\u00e7\u00e3o lit\u00fargica, tinha fixado simbolicamente as sete dores da co-redentora com base nos epis\u00f3dios narrados pelos Evangelhos:<\/p>\n<p> a profecia do velho Sime\u00e3o,<br \/> a fuga para o Egito,<br \/> a perda de Jesus no templo,<br \/> o caminho de Jesus para o G\u00f3lgota,<br \/> a crucifica\u00e7\u00e3o,<br \/> a deposi\u00e7\u00e3o da cruz,<br \/> o sepultamento de Jesus.<\/p>\n<p>S\u00e3o epis\u00f3dios que nos convidam a meditar sobre a participa\u00e7\u00e3o de Maria na Paix\u00e3o, Morte e Ressurrei\u00e7\u00e3o de Cristo e que nos d\u00e3o for\u00e7as para carregar a nossa pr\u00f3pria cruz.<\/p>\n<p>As promessas e gra\u00e7as aos devotos de Nossa Senhora das Dores<\/p>\n<p>Santa Br\u00edgida, nas suas revela\u00e7\u00f5es aprovadas pela Igreja, afirma que Nossa Senhora lhe prometeu conceder sete gra\u00e7as a quem rezar todos os dias sete ave-marias em honra das suas principais \u201csete dores\u201d, meditando a seu respeito. Estas s\u00e3o as promessas:<\/p>\n<p> Colocarei a paz em suas fam\u00edlias.<br \/> Ser\u00e3o iluminados sobre os Divinos Mist\u00e9rios.<br \/> Eu os consolarei em suas penas e os acompanharei nos seus trabalhos.<br \/> Eu lhes concederei tudo o que me pedirem, desde que n\u00e3o se oponha \u00e0 vontade do meu ador\u00e1vel Divino Filho e \u00e0 santifica\u00e7\u00e3o de suas almas.<br \/> Eu os defenderei nos combates espirituais contra o inimigo infernal e os protegerei em todos os instantes da vida.<br \/> Eu os assistirei visivelmente no momento da morte e eles ver\u00e3o o rosto de Sua M\u00e3e Sant\u00edssima.<br \/> Obtive de meu Filho que aqueles que propagarem esta devo\u00e7\u00e3o sejam levados desta vida terrena \u00e0 felicidade eterna diretamente, pois lhes ser\u00e3o apagados todos os pecados e meu Filho e eu seremos a sua eterna consola\u00e7\u00e3o e alegria.<\/p>\n<p>Santo Afonso Maria de Lig\u00f3rio diz que Jesus prometeu aos devotos de Nossa Senhora das Dores as seguintes gra\u00e7as:<\/p>\n<p> O devoto que invocar a divina M\u00e3e pelos merecimentos de suas dores conseguir\u00e1, antes da morte, fazer verdadeira penit\u00eancia por todos os seus pecados.<br \/> Nosso Senhor imprimir\u00e1 nos seus cora\u00e7\u00f5es a mem\u00f3ria de Sua Paix\u00e3o, dando-lhes o pr\u00eamio do C\u00e9u.<br \/> Jesus Cristo os guardar\u00e1 em todas as tribula\u00e7\u00f5es, especialmente na hora da morte.<br \/> Jesus os deixar\u00e1 nas m\u00e3os de sua m\u00e3e, para que deles disponha a seu agrado e lhes obtenha todos os favores.<\/p>\n<p style=\"text-align: justify;\">Fonte: Aleteia<\/p>\n","protected":false},"excerpt":{"rendered":"<p>Antes chamada Sete Dores de Maria, esta \u00e9 a devo\u00e7\u00e3o com que honramos o sofrimento de Maria acolhido livremente na reden\u00e7\u00e3o mediante a cruz Antes, a devo\u00e7\u00e3o celebrava as chamadas Sete Dores de Maria. Foi o papa Pio X quem substituiu esse t\u00edtulo pelo atual, recordado no dia 15 de setembro: Virgem Dolorosa, ou Nossa [&hellip;]<\/p>\n","protected":false},"author":1,"featured_media":0,"comment_status":"open","ping_status":"open","sticky":false,"template":"","format":"standard","meta":{"footnotes":""},"categories":[4],"tags":[],"class_list":["post-13075","post","type-post","status-publish","format-standard","hentry","category-cotidiano"],"_links":{"self":[{"href":"https:\/\/catolicanet.net\/wp-cnet\/wp-json\/wp\/v2\/posts\/13075","targetHints":{"allow":["GET"]}}],"collection":[{"href":"https:\/\/catolicanet.net\/wp-cnet\/wp-json\/wp\/v2\/posts"}],"about":[{"href":"https:\/\/catolicanet.net\/wp-cnet\/wp-json\/wp\/v2\/types\/post"}],"author":[{"embeddable":true,"href":"https:\/\/catolicanet.net\/wp-cnet\/wp-json\/wp\/v2\/users\/1"}],"replies":[{"embeddable":true,"href":"https:\/\/catolicanet.net\/wp-cnet\/wp-json\/wp\/v2\/comments?post=13075"}],"version-history":[{"count":1,"href":"https:\/\/catolicanet.net\/wp-cnet\/wp-json\/wp\/v2\/posts\/13075\/revisions"}],"predecessor-version":[{"id":26568,"href":"https:\/\/catolicanet.net\/wp-cnet\/wp-json\/wp\/v2\/posts\/13075\/revisions\/26568"}],"wp:attachment":[{"href":"https:\/\/catolicanet.net\/wp-cnet\/wp-json\/wp\/v2\/media?parent=13075"}],"wp:term":[{"taxonomy":"category","embeddable":true,"href":"https:\/\/catolicanet.net\/wp-cnet\/wp-json\/wp\/v2\/categories?post=13075"},{"taxonomy":"post_tag","embeddable":true,"href":"https:\/\/catolicanet.net\/wp-cnet\/wp-json\/wp\/v2\/tags?post=13075"}],"curies":[{"name":"wp","href":"https:\/\/api.w.org\/{rel}","templated":true}]}}