{"id":13072,"date":"2016-01-19T15:25:59","date_gmt":"2016-01-19T17:25:59","guid":{"rendered":"http:\/\/catolicanet.net\/wp-cnet\/2016\/01\/19\/62-pessoas-possuem-sozinhas-a-mesma-riqueza-que-3-bilhoes-e-500-milhoes-de-pobres\/"},"modified":"2017-05-31T13:09:31","modified_gmt":"2017-05-31T16:09:31","slug":"62-pessoas-possuem-sozinhas-a-mesma-riqueza-que-3-bilhoes-e-500-milhoes-de-pobres","status":"publish","type":"post","link":"https:\/\/catolicanet.net\/wp-cnet\/62-pessoas-possuem-sozinhas-a-mesma-riqueza-que-3-bilhoes-e-500-milhoes-de-pobres\/","title":{"rendered":"62 pessoas possuem sozinhas a mesma riqueza que 3 bilh\u00f5es e 500 milh\u00f5es de pobres"},"content":{"rendered":"<p style=\"text-align: justify;\"><img decoding=\"async\" src=\"http:\/\/catolicanet.com.br\/images\/stories\/geral\/fome.png\" border=\"0\" align=\"left\" \/>Fechar os olhos para a dimens\u00e3o corp\u00f3rea do ser humano \u00e9 irracional e, por isso mesmo, anticrist\u00e3o<\/p>\n<p>Divulgado nesta semana, um estudo da organiza\u00e7\u00e3o n\u00e3o-governamental brit\u00e2nica Oxfam, baseado em dados do banco Cr\u00e9dit Suisse relativos a outubro de 2015, aponta dois dados espantosos sobre o abismo entre os mais pobres e os mais ricos do planeta:<\/p>\n<p> A riqueza acumulada pelo 1% mais rico da popula\u00e7\u00e3o mundial \u00e9 igual \u00e0 riqueza de todos os 99% restantes juntos.<\/p>\n<p> As 62 pessoas mais ricas do mundo possuem a mesma riqueza de toda a metade mais pobre da popula\u00e7\u00e3o global: 3 bilh\u00f5es e 500 milh\u00f5es de pessoas.<\/p>\n<p>A concentra\u00e7\u00e3o de riqueza tem crescido em vez de diminuir. Em 2010, o equivalente \u00e0 riqueza da metade mais pobre da popula\u00e7\u00e3o global estava na m\u00e3o de 388 indiv\u00edduos. A propor\u00e7\u00e3o de riqueza do 1% mais rico tamb\u00e9m vem aumentando a cada ano desde 2009.<\/p>\n<p>Segundo a Oxfam, quem acumula um patrim\u00f4nio (entre bens e dinheiro) no valor de 68 mil d\u00f3lares (cerca de R$ 275 mil) j\u00e1 est\u00e1 entre os 10% mais ricos da popula\u00e7\u00e3o do planeta. Em outras palavras, isto quer dizer que 90% da popula\u00e7\u00e3o mundial, mesmo juntando tudo o que possui em dinheiro e bens m\u00f3veis e im\u00f3veis, n\u00e3o atinge esse montante patrimonial. A maioria da popula\u00e7\u00e3o, ali\u00e1s, fica muito abaixo disso: segundo o Banco Mundial (outubro de 2015), os 10% mais pobres do mundo vivem com menos de 1,90 d\u00f3lar por dia (R$ 7,65).<\/p>\n<p>Diante de uma realidade absurda como esta, o papa Francisco tem insistido com veem\u00eancia na necessidade urgente de superar a \u201ccultura do descarte\u201d e chegar at\u00e9 as \u201cperiferias da exist\u00eancia\u201d para resgatar a \u201cdignidade da pessoa integral\u201d dentro de uma \u201cecologia humana\u201d completa \u2013 o que inclui n\u00e3o apenas a alma, mas tamb\u00e9m a dimens\u00e3o f\u00edsica, pol\u00edtico-social e econ\u00f4mica, dado que a pessoa humana \u00e9 uma unidade de alma espiritual e corpo.<\/p>\n<p>Fechar os olhos para a dimens\u00e3o corp\u00f3rea do ser humano integral e para as exig\u00eancias decorrentes dessa dimens\u00e3o \u00e9 irracional e, por isso mesmo, anticrist\u00e3o.<\/p>\n<p style=\"text-align: justify;\">Fonte: Aleteia<\/p>\n","protected":false},"excerpt":{"rendered":"<p>Fechar os olhos para a dimens\u00e3o corp\u00f3rea do ser humano \u00e9 irracional e, por isso mesmo, anticrist\u00e3o Divulgado nesta semana, um estudo da organiza\u00e7\u00e3o n\u00e3o-governamental brit\u00e2nica Oxfam, baseado em dados do banco Cr\u00e9dit Suisse relativos a outubro de 2015, aponta dois dados espantosos sobre o abismo entre os mais pobres e os mais ricos do [&hellip;]<\/p>\n","protected":false},"author":1,"featured_media":0,"comment_status":"open","ping_status":"open","sticky":false,"template":"","format":"standard","meta":{"footnotes":""},"categories":[4],"tags":[],"class_list":["post-13072","post","type-post","status-publish","format-standard","hentry","category-cotidiano"],"_links":{"self":[{"href":"https:\/\/catolicanet.net\/wp-cnet\/wp-json\/wp\/v2\/posts\/13072","targetHints":{"allow":["GET"]}}],"collection":[{"href":"https:\/\/catolicanet.net\/wp-cnet\/wp-json\/wp\/v2\/posts"}],"about":[{"href":"https:\/\/catolicanet.net\/wp-cnet\/wp-json\/wp\/v2\/types\/post"}],"author":[{"embeddable":true,"href":"https:\/\/catolicanet.net\/wp-cnet\/wp-json\/wp\/v2\/users\/1"}],"replies":[{"embeddable":true,"href":"https:\/\/catolicanet.net\/wp-cnet\/wp-json\/wp\/v2\/comments?post=13072"}],"version-history":[{"count":1,"href":"https:\/\/catolicanet.net\/wp-cnet\/wp-json\/wp\/v2\/posts\/13072\/revisions"}],"predecessor-version":[{"id":26571,"href":"https:\/\/catolicanet.net\/wp-cnet\/wp-json\/wp\/v2\/posts\/13072\/revisions\/26571"}],"wp:attachment":[{"href":"https:\/\/catolicanet.net\/wp-cnet\/wp-json\/wp\/v2\/media?parent=13072"}],"wp:term":[{"taxonomy":"category","embeddable":true,"href":"https:\/\/catolicanet.net\/wp-cnet\/wp-json\/wp\/v2\/categories?post=13072"},{"taxonomy":"post_tag","embeddable":true,"href":"https:\/\/catolicanet.net\/wp-cnet\/wp-json\/wp\/v2\/tags?post=13072"}],"curies":[{"name":"wp","href":"https:\/\/api.w.org\/{rel}","templated":true}]}}