{"id":13069,"date":"2016-01-19T13:54:24","date_gmt":"2016-01-19T15:54:24","guid":{"rendered":"http:\/\/catolicanet.net\/wp-cnet\/2016\/01\/19\/15-promessas-10-bencaos-e-8-vantagens-de-se-rezar-o-terco\/"},"modified":"2017-05-31T13:09:32","modified_gmt":"2017-05-31T16:09:32","slug":"15-promessas-10-bencaos-e-8-vantagens-de-se-rezar-o-terco","status":"publish","type":"post","link":"https:\/\/catolicanet.net\/wp-cnet\/15-promessas-10-bencaos-e-8-vantagens-de-se-rezar-o-terco\/","title":{"rendered":"15 promessas, 10 b\u00ean\u00e7\u00e3os e 8 vantagens de se rezar o ter\u00e7o"},"content":{"rendered":"<p style=\"text-align: justify;\"><img decoding=\"async\" src=\"http:\/\/catolicanet.com.br\/images\/stories\/geral\/rosary01.jpg\" border=\"0\" align=\"left\" \/>Esta linda ora\u00e7\u00e3o, rezada com devo\u00e7\u00e3o e f\u00e9, tem um incr\u00edvel poder de transformar sua vida espiritual<\/p>\n<p>A palavra \u201cros\u00e1rio\u201d vem do latim e significa \u201cgrinalda de rosas\u201d. A rosa \u00e9 uma das flores mais comumente utilizadas para simbolizar a Virgem Maria. Se voc\u00ea perguntar qual \u00e9 o sacramental (para entender o que \u00e9 um sacramental, clique aqui) mais emblem\u00e1tico que os cat\u00f3licos possuem, certamente as pessoas responder\u00e3o que \u00e9 o santo ros\u00e1rio.<\/p>\n<p>Nestes \u00faltimos anos, a pr\u00e1tica do ter\u00e7o ressurgiu magistralmente, j\u00e1 s\u00e3o muitos os cat\u00f3licos que o rezam, e at\u00e9 os que sabiam pouco sobre ele aprenderam a rez\u00e1-lo em fam\u00edlia. O ter\u00e7o \u00e9 uma devo\u00e7\u00e3o em honra de Nossa Senhora, composto por um n\u00famero determinado de ora\u00e7\u00f5es espec\u00edficas.<\/p>\n<p>Promessas do santo ros\u00e1rio<\/p>\n<p>1. Aqueles que rezarem com enorme f\u00e9 o Ros\u00e1rio receber\u00e3o gra\u00e7as especiais.<br \/>2. Prometo minha prote\u00e7\u00e3o e as maiores gra\u00e7as aos que rezarem o Ros\u00e1rio.<br \/>3. O Ros\u00e1rio \u00e9 uma arma poderosa para n\u00e3o ir ao inferno: destr\u00f3i os v\u00edcios, diminui os pecados e nos defende das heresias.<br \/>4. Receber\u00e1 a virtude e as boas obras abundar\u00e3o, receber\u00e1 a piedade de Deus para as almas, resgatar\u00e1 os cora\u00e7\u00f5es das pessoas de seu amor terreno e vaidades, e os elevar\u00e1 em seu desejo pelas coisas eternas. As almas se santificar\u00e3o por meio do Ros\u00e1rio.<br \/>5. A alma que se encomendar a mim no Ros\u00e1rio n\u00e3o perecer\u00e1.<br \/>6. Quem rezar o Ros\u00e1rio devotamente, e tiver os mist\u00e9rios como testemunho de vida, n\u00e3o conhecer\u00e1 a desgra\u00e7a. Deus n\u00e3o o castigar\u00e1 em sua justi\u00e7a, n\u00e3o ter\u00e1 uma morte violenta, e se for justo, permanecer\u00e1 na gra\u00e7a de Deus, e ter\u00e1 a recompensa da vida eterna.<br \/>7. Aquele que for verdadeiro devoto do Ros\u00e1rio n\u00e3o perecer\u00e1 sem os Sagrados Sacramentos.<br \/>8. Aqueles que rezarem com muita f\u00e9 o Santo Ros\u00e1rio em vida e na hora de sua morte encontrar\u00e3o a luz de Deus e a plenitude de sua gra\u00e7a, na hora da morte participar\u00e3o do para\u00edso pelos m\u00e9ritos dos Santos.<br \/>9. Livrarei do purgat\u00f3rio \u00e0queles que rezarem o Ros\u00e1rio devotamente.<br \/>10. As crian\u00e7as devotas ao Ros\u00e1rio merecer\u00e3o um alto grau de Gl\u00f3ria no c\u00e9u.<br \/>11. Obter\u00e3o tudo o que me pedirem mediante o Ros\u00e1rio.<br \/>12. Aqueles que propagarem meu Ros\u00e1rio ser\u00e3o assistidos por mim em suas necessidades.<br \/>13. Meu filho concedeu-me que todo aqueles que se encomendar a mim ao rezar o Ros\u00e1rio ter\u00e1 como intercessores toda a corte celestial em vida e na hora da morte.<br \/>14. S\u00e3o meus filhinhos aqueles que recitam o Ros\u00e1rio, e irm\u00e3os e irm\u00e3s de meu \u00fanico filho, Jesus Cristo.<br \/>15. A devo\u00e7\u00e3o a meu Ros\u00e1rio \u00e9 um grande sinal de profecia.<\/p>\n<p>B\u00ean\u00e7\u00e3os do ter\u00e7o (magist\u00e9rio dos papas)<\/p>\n<p>1. Os pecadores obt\u00eam o perd\u00e3o.<br \/>2. As almas sedentas se saciam.<br \/>3. Os que est\u00e3o presos se ver\u00e3o livres.<br \/>4. Os que choram encontraram alegria.<br \/>5. Os que s\u00e3o tentados encontram tranquilidade.<br \/>6. Os pobres s\u00e3o socorridos.<br \/>7. Os religiosos s\u00e3o reformados.<br \/>8. Os ignorantes s\u00e3o instru\u00eddos.<br \/>9. Os vivos triunfam sobre a vaidade.<br \/>10. Os mortos alcan\u00e7am a miseric\u00f3rdia por via dos sufr\u00e1gios.<\/p>\n<p>Vantagens de se rezar o ter\u00e7o (S\u00e3o Lu\u00eds Maria Grignion de Montfort)<\/p>\n<p>1. Eleva-nos insensivelmente ao conhecimento perfeito de Jesus Cristo;<br \/>2. Purifica as nossas almas do pecado;<br \/>3. Faz-nos vitoriosos contra todos os nossos inimigos;<br \/>4. Torna-nos f\u00e1cil a pr\u00e1tica das virtudes;<br \/>5. Abrasa-nos no amor de Jesus Cristo;<br \/>6. Enriquece-nos de gra\u00e7as e de m\u00e9ritos;<br \/>7. Fornece-nos com o que pagar todas as nossas d\u00edvidas com Deus e com os homens;<br \/>8. Por fim, faz-nos obter de Deus toda esp\u00e9cie de gra\u00e7as.<\/p>\n<p style=\"text-align: justify;\">Fonte: Aleteia<\/p>\n","protected":false},"excerpt":{"rendered":"<p>Esta linda ora\u00e7\u00e3o, rezada com devo\u00e7\u00e3o e f\u00e9, tem um incr\u00edvel poder de transformar sua vida espiritual A palavra \u201cros\u00e1rio\u201d vem do latim e significa \u201cgrinalda de rosas\u201d. A rosa \u00e9 uma das flores mais comumente utilizadas para simbolizar a Virgem Maria. Se voc\u00ea perguntar qual \u00e9 o sacramental (para entender o que \u00e9 um [&hellip;]<\/p>\n","protected":false},"author":1,"featured_media":0,"comment_status":"open","ping_status":"open","sticky":false,"template":"","format":"standard","meta":{"footnotes":""},"categories":[4],"tags":[],"class_list":["post-13069","post","type-post","status-publish","format-standard","hentry","category-cotidiano"],"_links":{"self":[{"href":"https:\/\/catolicanet.net\/wp-cnet\/wp-json\/wp\/v2\/posts\/13069","targetHints":{"allow":["GET"]}}],"collection":[{"href":"https:\/\/catolicanet.net\/wp-cnet\/wp-json\/wp\/v2\/posts"}],"about":[{"href":"https:\/\/catolicanet.net\/wp-cnet\/wp-json\/wp\/v2\/types\/post"}],"author":[{"embeddable":true,"href":"https:\/\/catolicanet.net\/wp-cnet\/wp-json\/wp\/v2\/users\/1"}],"replies":[{"embeddable":true,"href":"https:\/\/catolicanet.net\/wp-cnet\/wp-json\/wp\/v2\/comments?post=13069"}],"version-history":[{"count":1,"href":"https:\/\/catolicanet.net\/wp-cnet\/wp-json\/wp\/v2\/posts\/13069\/revisions"}],"predecessor-version":[{"id":26574,"href":"https:\/\/catolicanet.net\/wp-cnet\/wp-json\/wp\/v2\/posts\/13069\/revisions\/26574"}],"wp:attachment":[{"href":"https:\/\/catolicanet.net\/wp-cnet\/wp-json\/wp\/v2\/media?parent=13069"}],"wp:term":[{"taxonomy":"category","embeddable":true,"href":"https:\/\/catolicanet.net\/wp-cnet\/wp-json\/wp\/v2\/categories?post=13069"},{"taxonomy":"post_tag","embeddable":true,"href":"https:\/\/catolicanet.net\/wp-cnet\/wp-json\/wp\/v2\/tags?post=13069"}],"curies":[{"name":"wp","href":"https:\/\/api.w.org\/{rel}","templated":true}]}}