{"id":13068,"date":"2016-01-19T13:50:22","date_gmt":"2016-01-19T15:50:22","guid":{"rendered":"http:\/\/catolicanet.net\/wp-cnet\/2016\/01\/19\/vaticano-muculmanos-vao-convidar-papa-a-visitar-mesquita-de-roma\/"},"modified":"2017-05-31T13:09:32","modified_gmt":"2017-05-31T16:09:32","slug":"vaticano-muculmanos-vao-convidar-papa-a-visitar-mesquita-de-roma","status":"publish","type":"post","link":"https:\/\/catolicanet.net\/wp-cnet\/vaticano-muculmanos-vao-convidar-papa-a-visitar-mesquita-de-roma\/","title":{"rendered":"Vaticano: Mu\u00e7ulmanos v\u00e3o convidar Papa a visitar Mesquita de Roma"},"content":{"rendered":"<p style=\"text-align: justify;\"><img decoding=\"async\" src=\"http:\/\/catolicanet.com.br\/images\/stories\/geral\/epa1597372_articolo.jpg\" border=\"0\" align=\"left\" \/>Francisco seria o primeiro pont\u00edfice a entrar neste local de culto<\/p>\n<p>Cidade do Vaticano, 19 jan 2016 (Ecclesia) &#8211; O Papa Francisco vai receber esta quarta-feira uma delega\u00e7\u00e3o da Mesquita de Roma, a qual vai formalizar o convite para que visite o local de culto, anunciou a R\u00e1dio Vaticano.<\/p>\n<p>\u201cAs duas partes trabalham h\u00e1 cerca de dez meses para que a visita se concretize e a inten\u00e7\u00e3o \u00e9 que se realize no contexto do Jubileu da Miseric\u00f3rdia, cujo tema, como sublinhou o Santo Padre na bula de convoca\u00e7\u00e3o, \u00e9 comum \u00e0s duas f\u00e9s\u201d, refere a emissora pontif\u00edcia.<\/p>\n<p>Francisco, que este domingo se tornou o terceiro Papa a visitar a Sinagoga de Roma, seria assim o primeiro pont\u00edfice a entrar na Grande Mesquita da capital italiana.<\/p>\n<p>Na bula de convoca\u00e7\u00e3o do ano santo extraordin\u00e1rio, o Papa escreveu que \u201ca miseric\u00f3rdia possui uma val\u00eancia que ultrapassa as fronteiras da Igreja\u201d, colocando-a em rela\u00e7\u00e3o \u201ccom o juda\u00edsmo e o islamismo, que a consideram um dos atributos mais marcantes de Deus\u201d.<\/p>\n<p>A delega\u00e7\u00e3o mu\u00e7ulmana vai incluir o diretor do Centro Isl\u00e2mico Cultural da It\u00e1lia, embaixadores e uma representa\u00e7\u00e3o do Conselho de Administra\u00e7\u00e3o da Grande Mesquita.<\/p>\n<p>\u201cCom o objetivo de realizar a visita no contexto do Jubileu da Miseric\u00f3rdia, foram realizados contactos tamb\u00e9m com o arcebispo Rino Fisichella, que \u00e9 o organizador delegado do Papa\u201d, adianta a R\u00e1dio Vaticano.<\/p>\n<p>A Grande Mesquita de Roma localiza-se na zona norte da cidade e \u00e9 a maior mesquita do Ocidente, podendo acolher at\u00e9 12 mil fieis.<\/p>\n<p>O primeiro Papa a entrar numa mesquita foi S\u00e3o Jo\u00e3o Paulo II, a 6 de maio de 2001, na Mesquita de Omayyadi, em Damasco; Bento XVI visitou em novembro de 2006 a Mesquita Azul de Istambul, local por onde passou Francisco, em novembro de 2014; o atual Papa vistou em novembro de 2015 a Mesquita central de Koudoukou, em Bangui, capital da Rep\u00fablica Centro Africana.<\/p>\n<p style=\"text-align: justify;\">Fonte: Ag\u00eancia Ecclesia<\/p>\n","protected":false},"excerpt":{"rendered":"<p>Francisco seria o primeiro pont\u00edfice a entrar neste local de culto Cidade do Vaticano, 19 jan 2016 (Ecclesia) &#8211; O Papa Francisco vai receber esta quarta-feira uma delega\u00e7\u00e3o da Mesquita de Roma, a qual vai formalizar o convite para que visite o local de culto, anunciou a R\u00e1dio Vaticano. \u201cAs duas partes trabalham h\u00e1 cerca [&hellip;]<\/p>\n","protected":false},"author":1,"featured_media":0,"comment_status":"open","ping_status":"open","sticky":false,"template":"","format":"standard","meta":{"footnotes":""},"categories":[4],"tags":[],"class_list":["post-13068","post","type-post","status-publish","format-standard","hentry","category-cotidiano"],"_links":{"self":[{"href":"https:\/\/catolicanet.net\/wp-cnet\/wp-json\/wp\/v2\/posts\/13068","targetHints":{"allow":["GET"]}}],"collection":[{"href":"https:\/\/catolicanet.net\/wp-cnet\/wp-json\/wp\/v2\/posts"}],"about":[{"href":"https:\/\/catolicanet.net\/wp-cnet\/wp-json\/wp\/v2\/types\/post"}],"author":[{"embeddable":true,"href":"https:\/\/catolicanet.net\/wp-cnet\/wp-json\/wp\/v2\/users\/1"}],"replies":[{"embeddable":true,"href":"https:\/\/catolicanet.net\/wp-cnet\/wp-json\/wp\/v2\/comments?post=13068"}],"version-history":[{"count":1,"href":"https:\/\/catolicanet.net\/wp-cnet\/wp-json\/wp\/v2\/posts\/13068\/revisions"}],"predecessor-version":[{"id":26575,"href":"https:\/\/catolicanet.net\/wp-cnet\/wp-json\/wp\/v2\/posts\/13068\/revisions\/26575"}],"wp:attachment":[{"href":"https:\/\/catolicanet.net\/wp-cnet\/wp-json\/wp\/v2\/media?parent=13068"}],"wp:term":[{"taxonomy":"category","embeddable":true,"href":"https:\/\/catolicanet.net\/wp-cnet\/wp-json\/wp\/v2\/categories?post=13068"},{"taxonomy":"post_tag","embeddable":true,"href":"https:\/\/catolicanet.net\/wp-cnet\/wp-json\/wp\/v2\/tags?post=13068"}],"curies":[{"name":"wp","href":"https:\/\/api.w.org\/{rel}","templated":true}]}}