{"id":13060,"date":"2016-01-19T12:35:12","date_gmt":"2016-01-19T14:35:12","guid":{"rendered":"http:\/\/catolicanet.net\/wp-cnet\/2016\/01\/19\/vaticano-analisa-processo-de-canonizacao-de-religiosa-brasileira\/"},"modified":"2017-05-30T11:22:40","modified_gmt":"2017-05-30T14:22:40","slug":"vaticano-analisa-processo-de-canonizacao-de-religiosa-brasileira","status":"publish","type":"post","link":"https:\/\/catolicanet.net\/wp-cnet\/vaticano-analisa-processo-de-canonizacao-de-religiosa-brasileira\/","title":{"rendered":"Vaticano analisa processo de canoniza\u00e7\u00e3o de religiosa brasileira"},"content":{"rendered":"<p style=\"text-align: justify;\"><img decoding=\"async\" src=\"http:\/\/catolicanet.com.br\/images\/stories\/geral\/monja2.jpg\" border=\"0\" align=\"left\" \/>Uma brasileira, nascida em Piracicaba (SP), que teve a vida marcada pela entrega \u00e0 vontade de Deus. Essa \u00e9 a Serva de Deus Madre Cec\u00edlia, fundadora das Irm\u00e3s Franciscanas do Cora\u00e7\u00e3o de Maria, cuja causa de beatifica\u00e7\u00e3o e canoniza\u00e7\u00e3o est\u00e1 em an\u00e1lise no Vaticano.<\/p>\n<p>O processo segue na Congrega\u00e7\u00e3o para a Causa dos Santos, onde entrou em fase de documenta\u00e7\u00e3o, a qual inclui biografia e reconhecimento das virtudes e santidade da religiosa.<\/p>\n<p>A abertura do processo de canoniza\u00e7\u00e3o de Madre Cec\u00edlia foi autorizada em setembro de 1992, pelo ent\u00e3o Bispo da Diocese de Piracicaba, Dom Eduardo Koiak. Segundo relatou \u00e0 R\u00e1dio Vaticano a atual respons\u00e1vel pela causa na cidade paulista, Irm\u00e3 Madalena Calgar\u00f4to, a partir daquele ano \u201cforam dados todos os passos para o encaminhamento do processo\u201d.<\/p>\n<p>A fase diocesana terminou em 1997 e, conforme Ir. Calgar\u00f4to, em 1998, o Vaticano deu aval para a continuidade do processo.<\/p>\n<p>\u201cNestes 23 anos de caminhada, muitas pesquisas foram realizadas, muito material de propaga\u00e7\u00e3o foi produzido e tamb\u00e9m muitas gra\u00e7as foram alcan\u00e7adas\u201d, contou a religiosa \u00e0 R\u00e1dio Vaticano.<\/p>\n<p>Para dar prosseguimento ao processo, as Irm\u00e3s Franciscanas do Cora\u00e7\u00e3o de Maria est\u00e3o lan\u00e7ando um apelo para que as pessoas que alcan\u00e7arem alguma gra\u00e7a por intercess\u00e3o da Madre comuniquem \u00e0 Congrega\u00e7\u00e3o. O objetivo \u00e9 que estes relatos sejam analisados e anexados \u00e0 documenta\u00e7\u00e3o.<\/p>\n<p>Madre Cec\u00edlia<\/p>\n<p>Nascida em 1852, Ant\u00f4nia Martins de Macedo \u2013 nome de batismo de madre Cec\u00edlia \u2013 desejava consagrar-se a Deus desde jovem. Entretanto, n\u00e3o obteve a autoriza\u00e7\u00e3o de seu pai, que lhe imp\u00f4s casar-se com Francisco Borges Ferreira.<\/p>\n<p>Passados cinco anos, ficou vi\u00fava, tendo tr\u00eas filhos: Rosa, Jo\u00e3o e Ant\u00f4nio. Mas, ainda pulsava em seu cora\u00e7\u00e3o o anseio de servir mais profundamente ao Senhor.<\/p>\n<p>A oportunidade para realizar seu desejo veio com a chegada dos Frades Capuchinhos \u00e0 Piracicaba. Ant\u00f4nia Martins logo entrou para a Ordem Franciscana Secular, sendo sua primeira ministra.<\/p>\n<p>De acordo com sua biografia, em janeiro de 1896 uma inspira\u00e7\u00e3o tomou conta de sua mente e de seu cora\u00e7\u00e3o e compartilhou com suas companheiras: \u201cAnda em minha mente uma ideia, que n\u00e3o sei se \u00e9 inspira\u00e7\u00e3o ou tenta\u00e7\u00e3o: desejava muito abrir uma casa onde morando com algumas companheiras, pud\u00e9ssemos viver na ora\u00e7\u00e3o, no trabalho e no apostolado ajudando os Frades Capuchinhos nas Miss\u00f5es\u201d.<\/p>\n<p>A ideia foi apresentada ao diretor da Ordem Franciscana Secular, Frei Luiz Maria de S\u00e3o Tiago, o qual aprovou-a. Mas, acrescentou que esta casa poderia acolher meninas pobres e \u00f3rf\u00e3os da cidade.<\/p>\n<p>Assim, em 2 de fevereiro de 1898, foi inaugurado o \u201cAsilo Cora\u00e7\u00e3o de Maria Nossa M\u00e3e\u201d, para meninas \u00f3rf\u00e3s. E, no dia 30 de setembro de 1900, foi fundada a Congrega\u00e7\u00e3o das Irm\u00e3s Franciscanas do Cora\u00e7\u00e3o de Maria.<\/p>\n<p>Madre Cec\u00edlia morreu aos 98 anos, em 6 de setembro de 1950. Para Irm\u00e3 Madalena Calgar\u00f4to as virtudes que mais chamavam aten\u00e7\u00e3o na serva de Deus eram a f\u00e9 e confian\u00e7a na provid\u00eancia de Deus.<\/p>\n<p>\u201cCreio que a virtude que moveu toda sua vida foi a entrega \u00e0 vontade de Deus. Outras virtudes se destacam tamb\u00e9m: a Confian\u00e7a no Cora\u00e7\u00e3o de Maria, a alegria de viver, desejando que as Irm\u00e3s, ao chegarem aos 90 anos, sentissem a alegria de viver que ela sentia\u201d, completou.<\/p>\n<p>Gra\u00e7as alcan\u00e7adas pela intercess\u00e3o de Madre Cec\u00edlia podem ser informadas \u00e0s Irm\u00e3s Franciscanas do Cora\u00e7\u00e3o de Maria pelo e-mail:<\/p>\n<p style=\"text-align: justify;\">Fonte: Acidigital<\/p>\n","protected":false},"excerpt":{"rendered":"<p>Uma brasileira, nascida em Piracicaba (SP), que teve a vida marcada pela entrega \u00e0 vontade de Deus. Essa \u00e9 a Serva de Deus Madre Cec\u00edlia, fundadora das Irm\u00e3s Franciscanas do Cora\u00e7\u00e3o de Maria, cuja causa de beatifica\u00e7\u00e3o e canoniza\u00e7\u00e3o est\u00e1 em an\u00e1lise no Vaticano. O processo segue na Congrega\u00e7\u00e3o para a Causa dos Santos, onde [&hellip;]<\/p>\n","protected":false},"author":1,"featured_media":0,"comment_status":"open","ping_status":"open","sticky":false,"template":"","format":"standard","meta":{"footnotes":""},"categories":[3],"tags":[],"class_list":["post-13060","post","type-post","status-publish","format-standard","hentry","category-vaticano"],"_links":{"self":[{"href":"https:\/\/catolicanet.net\/wp-cnet\/wp-json\/wp\/v2\/posts\/13060","targetHints":{"allow":["GET"]}}],"collection":[{"href":"https:\/\/catolicanet.net\/wp-cnet\/wp-json\/wp\/v2\/posts"}],"about":[{"href":"https:\/\/catolicanet.net\/wp-cnet\/wp-json\/wp\/v2\/types\/post"}],"author":[{"embeddable":true,"href":"https:\/\/catolicanet.net\/wp-cnet\/wp-json\/wp\/v2\/users\/1"}],"replies":[{"embeddable":true,"href":"https:\/\/catolicanet.net\/wp-cnet\/wp-json\/wp\/v2\/comments?post=13060"}],"version-history":[{"count":1,"href":"https:\/\/catolicanet.net\/wp-cnet\/wp-json\/wp\/v2\/posts\/13060\/revisions"}],"predecessor-version":[{"id":24499,"href":"https:\/\/catolicanet.net\/wp-cnet\/wp-json\/wp\/v2\/posts\/13060\/revisions\/24499"}],"wp:attachment":[{"href":"https:\/\/catolicanet.net\/wp-cnet\/wp-json\/wp\/v2\/media?parent=13060"}],"wp:term":[{"taxonomy":"category","embeddable":true,"href":"https:\/\/catolicanet.net\/wp-cnet\/wp-json\/wp\/v2\/categories?post=13060"},{"taxonomy":"post_tag","embeddable":true,"href":"https:\/\/catolicanet.net\/wp-cnet\/wp-json\/wp\/v2\/tags?post=13060"}],"curies":[{"name":"wp","href":"https:\/\/api.w.org\/{rel}","templated":true}]}}