{"id":13053,"date":"2016-01-18T17:09:09","date_gmt":"2016-01-18T19:09:09","guid":{"rendered":"http:\/\/catolicanet.net\/wp-cnet\/2016\/01\/18\/dia-mundial-da-alimentacao-800-milhoes-de-pessoas-ainda-passam-fome-no-mundo\/"},"modified":"2017-05-31T13:11:57","modified_gmt":"2017-05-31T16:11:57","slug":"dia-mundial-da-alimentacao-800-milhoes-de-pessoas-ainda-passam-fome-no-mundo","status":"publish","type":"post","link":"https:\/\/catolicanet.net\/wp-cnet\/dia-mundial-da-alimentacao-800-milhoes-de-pessoas-ainda-passam-fome-no-mundo\/","title":{"rendered":"Dia Mundial da Alimenta\u00e7\u00e3o: 800 milh\u00f5es de pessoas ainda passam fome no mundo"},"content":{"rendered":"<p style=\"text-align: justify;\"><img decoding=\"async\" src=\"http:\/\/catolicanet.com.br\/images\/stories\/geral\/1280px-fao_sede_2-740x493.jpg\" border=\"0\" align=\"left\" \/>C\u00e1ritas: uma forma de garantir o direito \u00e0 alimenta\u00e7\u00e3o \u00e9 um acordo vinculante na pr\u00f3xima c\u00fapula sobre as mudan\u00e7as clim\u00e1ticas, em Paris<\/p>\n<p>Neste Dia Mundial da Alimenta\u00e7\u00e3o, 16 de outubro, a C\u00e1ritas Espanhola e a C\u00e1ritas Europa se uniram a outras institui\u00e7\u00f5es nacionais e internacionais, al\u00e9m de organiza\u00e7\u00f5es da sociedade civil, \u201cpara denunciar a escandalosa situa\u00e7\u00e3o vivida em pleno s\u00e9culo XXI pelos 800 milh\u00f5es de pessoas que ainda passam fome no mundo e a quem \u00e9 negado o acesso ao direito humano b\u00e1sico da alimenta\u00e7\u00e3o\u201d. Elas recordam que \u201cainda resta muito a fazer para alcan\u00e7ar o direito \u00e0 alimenta\u00e7\u00e3o de todas as pessoas\u201d.<\/p>\n<p>H\u00e1 duas semanas, os l\u00edderes mundiais confirmaram na Assembleia das Na\u00e7\u00f5es Unidas em Nova Iorque um novo plano de desenvolvimento sustent\u00e1vel baseado em 17 objetivos (ODS), aplic\u00e1veis universalmente sob o princ\u00edpio de responsabilidade comum e compartilhada. O segundo desses objetivos \u00e9 acabar at\u00e9 2030 com a fome no mundo, obtendo a seguran\u00e7a alimentar, melhorando a nutri\u00e7\u00e3o e promovendo a agricultura sustent\u00e1vel.<\/p>\n<p>Este objetivo, j\u00e1 definido nos Objetivos de Desenvolvimento do Mil\u00eanio (ODM) aprovados em 2000, \u00e9 renovado agora entre as metas de desenvolvimento global que n\u00e3o foram atingidas. \u201cA C\u00e1ritas recha\u00e7a novas demoras e reclama um compromisso maior e mais ambicioso para enfrentar esse desafio priorit\u00e1rio\u201d, destacou a organiza\u00e7\u00e3o em comunicado.<\/p>\n<p>\u201cA Europa \u00e9 o principal doador mundial em termos de ajuda oficial ao desenvolvimento. A seguran\u00e7a alimentar est\u00e1 entre as prioridades das pol\u00edticas de desenvolvimento e do marco financeiro da UE. Mas ainda falta muito a ser feito\u201d. Por isso, \u201cas C\u00e1ritas europeias urgem as institui\u00e7\u00f5es comunit\u00e1rias a melhorarem a coer\u00eancia das suas pol\u00edticas e a apostarem na luta contra a mudan\u00e7a clim\u00e1tica e na governan\u00e7a da terra, elementos que t\u00eam impacto direto no acesso ao direito \u00e0 alimenta\u00e7\u00e3o. Uma forma clara de refor\u00e7ar este compromisso \u00e9 alcan\u00e7ar um acordo ambicioso e vinculante na pr\u00f3xima Confer\u00eancia das Na\u00e7\u00f5es Unidas sobre as Mudan\u00e7as Clim\u00e1ticas (COP21), que acontece em Paris de 30 de novembro a 11 de dezembro\u201d, destacou a entidade eclesial em sua nota.<\/p>\n<p>\u201cO pr\u00f3prio territ\u00f3rio da Uni\u00e3o Europeia n\u00e3o \u00e9 alheio \u00e0s disfun\u00e7\u00f5es do sistema alimentar, que se plasmam, por exemplo, no esc\u00e2ndalo do desperd\u00edcio e da perda de alimentos ou no drama da pobreza alimentar que afeta milh\u00f5es de pessoas\u201d, denunciou. A Comiss\u00e3o Europeia estima que cerca de 100 milh\u00f5es de toneladas de alimentos sejam desperdi\u00e7adas por dia. \u201c\u00c9 uma brecha social inaceit\u00e1vel e vulnera a dignidade das pessoas em situa\u00e7\u00e3o mais prec\u00e1ria\u201d, reiterou. \u201cA C\u00e1ritas insta a repensar e analisar os sistemas de produ\u00e7\u00e3o e consumo para torn\u00e1-los mais justos e sustent\u00e1veis\u201d.<\/p>\n<p>Dentro da campanha global \u201cUma s\u00f3 fam\u00edlia humana: alimentos para todos\u201d, liderada pelo papa Francisco em dezembro de 2013, a Caritas Internationalis, a C\u00e1ritas Espanhola e a Manos Unidas realizaram diversas a\u00e7\u00f5es de sensibiliza\u00e7\u00e3o para divulgar os objetivos da iniciativa. A C\u00e1ritas Europa tem agido junto ao Parlamento Europeu \u201cpara reclamar que o direito \u00e0 alimenta\u00e7\u00e3o seja um direito humano b\u00e1sico e fundamental\u201d.<\/p>\n<p>Al\u00e9m do intenso trabalho de sensibiliza\u00e7\u00e3o e incid\u00eancia p\u00fablica, a C\u00e1ritas apoia numerosos projetos de seguran\u00e7a alimentar em todo o mundo. Maurit\u00e2nia, Guatemala e Eti\u00f3pia, entre outros, s\u00e3o exemplo desse compromisso. Uma das experi\u00eancias de trabalho \u00e9 feita com agricultores familiares et\u00edopes de Shashamane, onde, atrav\u00e9s do fortalecimento do sistema de cooperativismo e do apoio a programas agr\u00edcolas de pequena escala, 419 mil pessoas j\u00e1 est\u00e3o envolvidas em processos produtivos voltados a melhorar a seguran\u00e7a alimentar das suas comunidades.<\/p>\n<p>Com o objetivo de dignificar a cobertura do direito \u00e0 alimenta\u00e7\u00e3o para as fam\u00edlias em situa\u00e7\u00e3o vulner\u00e1vel, v\u00e1rias C\u00e1ritas diocesanas da Espanha lan\u00e7aram nos \u00faltimos anos recursos e servi\u00e7os orientados a dar resposta a essas demandas de emerg\u00eancia, mediante projetos como aten\u00e7\u00e3o domiciliar, apoio escolar, poupan\u00e7as solid\u00e1rias e hortas ecol\u00f3gicas de subsist\u00eancia, entre outros.<\/p>\n<p>Por ocasi\u00e3o do Dia Mundial da Alimenta\u00e7\u00e3o, acontece na Expo Universal de Mil\u00e3o o evento \u201cA\u00e7\u00f5es e incid\u00eancia para erradicar a pobreza alimentar\u201d. Organizado pela C\u00e1ritas Europa, o ato contar\u00e1 com a presen\u00e7a do cardeal Luis Antonio Tagle, presidente da Caritas Internationalis, e com representantes da Comiss\u00e3o Europeia e de diversas C\u00e1ritas nacionais da UE.<\/p>\n<p>O evento expor\u00e1 a realidade do acesso \u00e0 alimenta\u00e7\u00e3o dentro da Europa e apresentar\u00e1 os resultados de uma pesquisa europeia de alimenta\u00e7\u00e3o, al\u00e9m de mostrar diversas experi\u00eancias que as C\u00e1ritas europeias desenvolvem nesse \u00e2mbito: desde projetos de distribui\u00e7\u00e3o de alimentos at\u00e9 programas de microcr\u00e9dito e de fomento da agricultura ecol\u00f3gica.<\/p>\n<p style=\"text-align: justify;\">Fonte: Aleteia<\/p>\n","protected":false},"excerpt":{"rendered":"<p>C\u00e1ritas: uma forma de garantir o direito \u00e0 alimenta\u00e7\u00e3o \u00e9 um acordo vinculante na pr\u00f3xima c\u00fapula sobre as mudan\u00e7as clim\u00e1ticas, em Paris Neste Dia Mundial da Alimenta\u00e7\u00e3o, 16 de outubro, a C\u00e1ritas Espanhola e a C\u00e1ritas Europa se uniram a outras institui\u00e7\u00f5es nacionais e internacionais, al\u00e9m de organiza\u00e7\u00f5es da sociedade civil, \u201cpara denunciar a escandalosa [&hellip;]<\/p>\n","protected":false},"author":1,"featured_media":0,"comment_status":"open","ping_status":"open","sticky":false,"template":"","format":"standard","meta":{"footnotes":""},"categories":[4],"tags":[],"class_list":["post-13053","post","type-post","status-publish","format-standard","hentry","category-cotidiano"],"_links":{"self":[{"href":"https:\/\/catolicanet.net\/wp-cnet\/wp-json\/wp\/v2\/posts\/13053","targetHints":{"allow":["GET"]}}],"collection":[{"href":"https:\/\/catolicanet.net\/wp-cnet\/wp-json\/wp\/v2\/posts"}],"about":[{"href":"https:\/\/catolicanet.net\/wp-cnet\/wp-json\/wp\/v2\/types\/post"}],"author":[{"embeddable":true,"href":"https:\/\/catolicanet.net\/wp-cnet\/wp-json\/wp\/v2\/users\/1"}],"replies":[{"embeddable":true,"href":"https:\/\/catolicanet.net\/wp-cnet\/wp-json\/wp\/v2\/comments?post=13053"}],"version-history":[{"count":1,"href":"https:\/\/catolicanet.net\/wp-cnet\/wp-json\/wp\/v2\/posts\/13053\/revisions"}],"predecessor-version":[{"id":26583,"href":"https:\/\/catolicanet.net\/wp-cnet\/wp-json\/wp\/v2\/posts\/13053\/revisions\/26583"}],"wp:attachment":[{"href":"https:\/\/catolicanet.net\/wp-cnet\/wp-json\/wp\/v2\/media?parent=13053"}],"wp:term":[{"taxonomy":"category","embeddable":true,"href":"https:\/\/catolicanet.net\/wp-cnet\/wp-json\/wp\/v2\/categories?post=13053"},{"taxonomy":"post_tag","embeddable":true,"href":"https:\/\/catolicanet.net\/wp-cnet\/wp-json\/wp\/v2\/tags?post=13053"}],"curies":[{"name":"wp","href":"https:\/\/api.w.org\/{rel}","templated":true}]}}