{"id":13045,"date":"2016-01-18T15:23:26","date_gmt":"2016-01-18T17:23:26","guid":{"rendered":"http:\/\/catolicanet.net\/wp-cnet\/2016\/01\/18\/europaespanha-hospitalidade-por-uma-cultura-de-solidariedade-e-inclusao-dos-migrantes-e-refugiados\/"},"modified":"2017-05-31T13:11:59","modified_gmt":"2017-05-31T16:11:59","slug":"europaespanha-hospitalidade-por-uma-cultura-de-solidariedade-e-inclusao-dos-migrantes-e-refugiados","status":"publish","type":"post","link":"https:\/\/catolicanet.net\/wp-cnet\/europaespanha-hospitalidade-por-uma-cultura-de-solidariedade-e-inclusao-dos-migrantes-e-refugiados\/","title":{"rendered":"EUROPA\/ESPANHA &#8211; \u201cHospitalidade\u201d: por uma cultura de solidariedade e inclus\u00e3o dos migrantes e refugiados"},"content":{"rendered":"<p style=\"text-align: justify;\">Madri (Ag\u00eancia Fides) \u2013 \u201cHospitalidade\u201d \u00e9 o nome da campanha lan\u00e7ada pelas obras sociais dos jesu\u00edtas na Espanha, por ocasi\u00e3o do Dia Mundial do Migrante, no domingo, 17 de janeiro. Trata-se de um \u201capelo ao acolhimento e promo\u00e7\u00e3o de uma cultura de solidariedade e inclus\u00e3o dos migrantes e refugiados que est\u00e3o chegando \u00e0s nossas fronteiras, e os que j\u00e1 est\u00e3o aqui, sem se esquecer daqueles que n\u00e3o podem fugir de conflitos, como os que est\u00e3o em pa\u00edses de tr\u00e2nsito\u201d. A campanha, informa a nota enviada \u00e0 Ag\u00eancia Fides, tem quatro \u00e2mbitos de a\u00e7\u00e3o: acolhimento, coopera\u00e7\u00e3o, conscientiza\u00e7\u00e3o e incid\u00eancia.<br \/>\u201cHoje, existem mais de 60 milh\u00f5es de refugiados e pessoas deslocadas no mundo, a grande maioria permanece perto de seu pa\u00eds, mas a necessidade de procurar um ref\u00fagio seguro e ter motivos de esperan\u00e7a para o futuro os leva a atravessar as fronteiras e alcan\u00e7ar, por exemplo, a Europa\u201d, recordou Pe. Alberto Ares SJ, Delegado do Setor Social dos Jesu\u00edtas na Espanha, apresentando a campanha. O Mar Mediterr\u00e2neo tornou-se a fronteira mais desigual e letal do mundo: os 3.771 mortos na tentativa de chegar \u00e0 Europa pelo mar em 2015 s\u00e3o \u201cum esc\u00e2ndalo \u00e9tico\u201d. Pe. Ares tamb\u00e9m lembrou que em 2015 chegaram \u00e0 Espanha atrav\u00e9s da pen\u00ednsula 3.845 migrantes e refugiados e outras 10.900 pessoas vieram de Ceuta e Melilha, hoje o principal ponto de acesso ao pa\u00eds pelos refugiados.<br \/>Miguel Gonzalez, coordenador do Servi\u00e7o Jesu\u00edta para os Migrantes na Espanha, ilustrou duas das quatro linhas principais da campanha: acolhimento e conscientiza\u00e7\u00e3o. A primeira \u00e9 centrada em \u201csatisfazer as necessidades e os direitos dos refugiados e migrantes em todos os \u00e2mbitos, alojamentos tempor\u00e1rios, abrigo de emerg\u00eancia, defesa e assist\u00eancia jur\u00eddica, apoio psicossocial, forma\u00e7\u00e3o social e do trabalho, l\u00edngua, suporte social e integra\u00e7\u00e3o escolar das crian\u00e7as\u201d. Do mesmo modo, a campanha oferece algumas propostas (pedag\u00f3gicas, did\u00e1ticas&#8230;) para a conscientiza\u00e7\u00e3o da sociedade espanhola sobre estes temas, \u201ca fim de promover a compreens\u00e3o da realidade e evitar o racismo e a xenofobia\u201d.<\/p>\n<p style=\"text-align: justify;\">Fonte: Ag\u00eancia Fides<\/p>\n","protected":false},"excerpt":{"rendered":"<p>Madri (Ag\u00eancia Fides) \u2013 \u201cHospitalidade\u201d \u00e9 o nome da campanha lan\u00e7ada pelas obras sociais dos jesu\u00edtas na Espanha, por ocasi\u00e3o do Dia Mundial do Migrante, no domingo, 17 de janeiro. Trata-se de um \u201capelo ao acolhimento e promo\u00e7\u00e3o de uma cultura de solidariedade e inclus\u00e3o dos migrantes e refugiados que est\u00e3o chegando \u00e0s nossas fronteiras, [&hellip;]<\/p>\n","protected":false},"author":1,"featured_media":0,"comment_status":"open","ping_status":"open","sticky":false,"template":"","format":"standard","meta":{"footnotes":""},"categories":[4],"tags":[],"class_list":["post-13045","post","type-post","status-publish","format-standard","hentry","category-cotidiano"],"_links":{"self":[{"href":"https:\/\/catolicanet.net\/wp-cnet\/wp-json\/wp\/v2\/posts\/13045","targetHints":{"allow":["GET"]}}],"collection":[{"href":"https:\/\/catolicanet.net\/wp-cnet\/wp-json\/wp\/v2\/posts"}],"about":[{"href":"https:\/\/catolicanet.net\/wp-cnet\/wp-json\/wp\/v2\/types\/post"}],"author":[{"embeddable":true,"href":"https:\/\/catolicanet.net\/wp-cnet\/wp-json\/wp\/v2\/users\/1"}],"replies":[{"embeddable":true,"href":"https:\/\/catolicanet.net\/wp-cnet\/wp-json\/wp\/v2\/comments?post=13045"}],"version-history":[{"count":1,"href":"https:\/\/catolicanet.net\/wp-cnet\/wp-json\/wp\/v2\/posts\/13045\/revisions"}],"predecessor-version":[{"id":26589,"href":"https:\/\/catolicanet.net\/wp-cnet\/wp-json\/wp\/v2\/posts\/13045\/revisions\/26589"}],"wp:attachment":[{"href":"https:\/\/catolicanet.net\/wp-cnet\/wp-json\/wp\/v2\/media?parent=13045"}],"wp:term":[{"taxonomy":"category","embeddable":true,"href":"https:\/\/catolicanet.net\/wp-cnet\/wp-json\/wp\/v2\/categories?post=13045"},{"taxonomy":"post_tag","embeddable":true,"href":"https:\/\/catolicanet.net\/wp-cnet\/wp-json\/wp\/v2\/tags?post=13045"}],"curies":[{"name":"wp","href":"https:\/\/api.w.org\/{rel}","templated":true}]}}