{"id":13033,"date":"2016-01-18T11:41:24","date_gmt":"2016-01-18T13:41:24","guid":{"rendered":"http:\/\/catolicanet.net\/wp-cnet\/2016\/01\/18\/papa-coracoes-fechados-ao-espirito-nao-chegam-a-verdade-plena\/"},"modified":"2017-06-02T13:20:07","modified_gmt":"2017-06-02T16:20:07","slug":"papa-coracoes-fechados-ao-espirito-nao-chegam-a-verdade-plena","status":"publish","type":"post","link":"https:\/\/catolicanet.net\/wp-cnet\/papa-coracoes-fechados-ao-espirito-nao-chegam-a-verdade-plena\/","title":{"rendered":"Papa: cora\u00e7\u00f5es fechados ao Esp\u00edrito n\u00e3o chegam \u00e0 verdade plena"},"content":{"rendered":"<p style=\"text-align: justify;\"><img decoding=\"async\" src=\"http:\/\/catolicanet.com.br\/images\/stories\/geral\/ossrom92268_articolo.jpg\" border=\"0\" align=\"left\" \/>O Papa Francisco come\u00e7ou a semana celebrando a Missa na Casa Santa Marta.<\/p>\n<p>Em sua homilia, o Pont\u00edfice comentou a primeira leitura em que Saul \u00e9 rejeitado por Deus como rei de Israel porque prefere ouvir o povo a ouvir a vontade do Senhor. O povo, depois de uma vit\u00f3ria em batalha, queria realizar um sacrif\u00edcio a Deus com as melhores cabe\u00e7as de gado, porque, afirma o Papa, \u201csempre se fez assim\u201d. Mas Deus, desta vez, n\u00e3o queria. O profeta Samuel repreende Saul: \u201c&#8217;O Senhor quer holocaustos e sacrif\u00edcios, ou quer a obedi\u00eancia \u00e0 sua palavra?\u201d.<\/p>\n<p>O Papa observou que o mesmo nos ensina Jesus no Evangelho: os doutores da lei o repreendem porque os seus disc\u00edpulos n\u00e3o jejuavam como havia sido feito at\u00e9 ent\u00e3o. E Jesus responde com este princ\u00edpio de vida: \u201cNingu\u00e9m p\u00f5e um remendo de pano novo numa roupa velha; porque o remendo novo repuxa o pano velho e o rasg\u00e3o fica maior ainda. Ningu\u00e9m p\u00f5e vinho novo em odres velhos; porque o vinho novo arrebenta os odres velhos e o vinho e os odres se perdem. Por isso, vinho novo em odres novos&#8217;!\u201d.<\/p>\n<p>\u201cQue isso significa? Que a lei muda? N\u00e3o! Que a lei est\u00e1 a servi\u00e7o do homem, que por sua vez est\u00e1 a servi\u00e7o de Deus. Por isso, o homem deve ter o cora\u00e7\u00e3o aberto. O \u2018sempre foi feito assim\u2019 \u00e9 cora\u00e7\u00e3o fechado e Jesus nos disse: \u2018Eu enviarei o Esp\u00edrito Santo e Ele os conduzir\u00e1 at\u00e9 a verdade plena\u2019. Se voc\u00ea tiver o cora\u00e7\u00e3o fechado \u00e0 novidade do Esp\u00edrito, jamais chegar\u00e1 \u00e0 verdade plena! E a sua vida crist\u00e3 ser\u00e1 uma vida metade e metade, remendada de coisas novas, mas sobre uma estrutura que n\u00e3o est\u00e1 aberta \u00e0 voz do Senhor. Um cora\u00e7\u00e3o fechado, porque n\u00e3o \u00e9 capaz de mudar os odres\u201d.<\/p>\n<p>\u201cEste foi o pecado do Rei Saul, pelo qual foi rejeitado\u201d, explicou o Papa. &#8220;\u00c9 o pecado de muitos crist\u00e3os que se prendem \u00e0quilo que sempre foi feito e n\u00e3o deixam que os odres mudem. E acabam com uma vida pela metade, remendada, sem sentido\u201d. O pecado \u201c\u00e9 um cora\u00e7\u00e3o fechado\u201d que \u201cn\u00e3o escuta a voz do Senhor, que n\u00e3o est\u00e1 aberto \u00e0 novidade do Senhor, ao Esp\u00edrito que sempre nos surpreende\u201d. A rebeli\u00e3o, diz Samuel, \u00e9 \u201cpecado de diviniza\u00e7\u00e3o\u201d, a obstina\u00e7\u00e3o \u00e9 idolatria:<\/p>\n<p>\u201cOs crist\u00e3os obstinados no &#8216;sempre foi assim&#8217;, este \u00e9 o caminho, esta \u00e9 a estrada, pecam: pecam por diviniza\u00e7\u00e3o. \u00c9 como se fossem a uma cartomante. \u00c9 mais importante o que foi dito e que n\u00e3o muda; aquilo que eu sinto, de mim e do meu cora\u00e7\u00e3o fechado, do que a Palavra do Senhor. \u00c9 tamb\u00e9m pecado de idolatria. E qual \u00e9 o caminho? Abrir o cora\u00e7\u00e3o ao Esp\u00edrito Santo, discernir qual \u00e9 a vontade de Deus.\u201d<\/p>\n<p>\u201cEra costume no tempo de Jesus, disse ainda o Papa, que os israelitas bons jejuassem. Mas h\u00e1 outra realidade: Existe o Esp\u00edrito Santo que nos conduz \u00e0 verdade plena. Por isso, Ele precisa de cora\u00e7\u00f5es abertos, de cora\u00e7\u00f5es que n\u00e3o sejam obstinados no pecado de idolatria de si mesmos, porque \u00e9 mais importante o que eu penso do que a surpresa do Esp\u00edrito Santo\u201d: <\/p>\n<p>\u201cEsta \u00e9 a mensagem que hoje a Igreja nos d\u00e1. Isto \u00e9 o que Jesus diz muito forte: \u201cVinho novo em odres novos\u201d. Diante da novidade do Esp\u00edrito e das surpresas de Deus, os h\u00e1bitos devem se renovar. Que o Senhor nos d\u00ea a gra\u00e7a de um cora\u00e7\u00e3o aberto, de um cora\u00e7\u00e3o aberto \u00e0 voz do Esp\u00edrito, que saiba discernir o que n\u00e3o deve mais mudar, porque \u00e9 fundamento, do que deve mudar para poder receber a novidade do Esp\u00edrito Santo.\u201d<\/p>\n<p style=\"text-align: justify;\">Fonte: R\u00e1dio Vaticano<\/p>\n","protected":false},"excerpt":{"rendered":"<p>O Papa Francisco come\u00e7ou a semana celebrando a Missa na Casa Santa Marta. Em sua homilia, o Pont\u00edfice comentou a primeira leitura em que Saul \u00e9 rejeitado por Deus como rei de Israel porque prefere ouvir o povo a ouvir a vontade do Senhor. O povo, depois de uma vit\u00f3ria em batalha, queria realizar um [&hellip;]<\/p>\n","protected":false},"author":1,"featured_media":0,"comment_status":"open","ping_status":"open","sticky":false,"template":"","format":"standard","meta":{"footnotes":""},"categories":[3],"tags":[],"class_list":["post-13033","post","type-post","status-publish","format-standard","hentry","category-vaticano"],"_links":{"self":[{"href":"https:\/\/catolicanet.net\/wp-cnet\/wp-json\/wp\/v2\/posts\/13033","targetHints":{"allow":["GET"]}}],"collection":[{"href":"https:\/\/catolicanet.net\/wp-cnet\/wp-json\/wp\/v2\/posts"}],"about":[{"href":"https:\/\/catolicanet.net\/wp-cnet\/wp-json\/wp\/v2\/types\/post"}],"author":[{"embeddable":true,"href":"https:\/\/catolicanet.net\/wp-cnet\/wp-json\/wp\/v2\/users\/1"}],"replies":[{"embeddable":true,"href":"https:\/\/catolicanet.net\/wp-cnet\/wp-json\/wp\/v2\/comments?post=13033"}],"version-history":[{"count":1,"href":"https:\/\/catolicanet.net\/wp-cnet\/wp-json\/wp\/v2\/posts\/13033\/revisions"}],"predecessor-version":[{"id":28460,"href":"https:\/\/catolicanet.net\/wp-cnet\/wp-json\/wp\/v2\/posts\/13033\/revisions\/28460"}],"wp:attachment":[{"href":"https:\/\/catolicanet.net\/wp-cnet\/wp-json\/wp\/v2\/media?parent=13033"}],"wp:term":[{"taxonomy":"category","embeddable":true,"href":"https:\/\/catolicanet.net\/wp-cnet\/wp-json\/wp\/v2\/categories?post=13033"},{"taxonomy":"post_tag","embeddable":true,"href":"https:\/\/catolicanet.net\/wp-cnet\/wp-json\/wp\/v2\/tags?post=13033"}],"curies":[{"name":"wp","href":"https:\/\/api.w.org\/{rel}","templated":true}]}}