{"id":13030,"date":"2016-01-18T11:25:43","date_gmt":"2016-01-18T13:25:43","guid":{"rendered":"http:\/\/catolicanet.net\/wp-cnet\/2016\/01\/18\/forca-da-palavra\/"},"modified":"2017-05-08T16:39:11","modified_gmt":"2017-05-08T19:39:11","slug":"forca-da-palavra","status":"publish","type":"post","link":"https:\/\/catolicanet.net\/wp-cnet\/forca-da-palavra\/","title":{"rendered":"For\u00e7a da palavra"},"content":{"rendered":"<p style=\"text-align: justify;\">Conforme o ditado popular, \u201cas palavras comovem, mas s\u00e3o os exemplos que arrastam\u201d. A Palavra de Deus tem grande for\u00e7a de converg\u00eancia, provoca pr\u00e1ticas de unidade e forma comunidades. Podemos at\u00e9 dizer que nenhuma comunidade crist\u00e3 se constr\u00f3i sem a presen\u00e7a dessa Palavra. Por isso, ela precisa ser conhecida e aprofundada na vida das pessoas, criando motiva\u00e7\u00e3o para a unidade.<br \/>Um corpo sem alimento acaba perdendo as for\u00e7as, a solidez de sua exist\u00eancia e desfalece. Quem tem firmeza e apoio na Palavra de Deus n\u00e3o se deixa influenciar pelas maldades do mundo e nem pelos falsos ensinamentos sempre presentes na hist\u00f3ria dos povos. Age com crit\u00e9rios maduros e respons\u00e1veis, colocando suas energias a servi\u00e7o do bem e da constru\u00e7\u00e3o do projeto de Deus.<br \/>Existe uma sede e uma fome da Palavra b\u00edblica, que marca a vida das pessoas. Podem correr o perigo de ter a mente vazia, e ca\u00edrem num profundo clima de desespero. Isso se torna mais evidente ainda diante dos desafios e problemas existenciais. N\u00e3o conseguem enfrentar e sublimar as dificuldades do momento. Conforme outro ditado popular: \u201cSaco vazio n\u00e3o fica de p\u00e9\u201d. <br \/>A unidade do povo crist\u00e3o faz parte das orienta\u00e7\u00f5es da Palavra de Deus. Unidade enriquecida com a diversidade inspiradora do Esp\u00edrito Santo. Cada membro, na comunidade, leva consigo virtudes pr\u00f3prias, que devem ser colocadas a servi\u00e7o de todos. As a\u00e7\u00f5es ego\u00edstas n\u00e3o deixam de ser uma grande trai\u00e7\u00e3o ao princ\u00edpio da unidade, muito querida por Deus.<br \/>No corpo de Cristo, a Igreja, todos os crist\u00e3os devem estar integrados e contribuindo para o fortalecimento da unidade. Isto sup\u00f5e respeito pela pessoa do outro e pela conviv\u00eancia comunit\u00e1ria. As pessoas batizadas se beneficiam de um mesmo Esp\u00edrito, Ele que \u00e9 fonte da Palavra e da unidade, e marca cada crist\u00e3o com a un\u00e7\u00e3o da responsabilidade com a vida de todos.<br \/>\u00c9 importante ter os olhos fixos em Jesus, porque Ele tem palavras cheias de esperan\u00e7a e de sentido, que despertam a aten\u00e7\u00e3o das pessoas. Mira nas quest\u00f5es de desigualdade e de marginaliza\u00e7\u00e3o, nos que vivem no anonimato e s\u00e3o exclu\u00eddos do contexto da vida comunit\u00e1ria. O agir concreto de Jesus Cristo passa pelo caminho do exerc\u00edcio da solidariedade.<\/p>\n","protected":false},"excerpt":{"rendered":"<p>Conforme o ditado popular, \u201cas palavras comovem, mas s\u00e3o os exemplos que arrastam\u201d. A Palavra de Deus tem grande for\u00e7a de converg\u00eancia, provoca pr\u00e1ticas de unidade e forma comunidades. Podemos at\u00e9 dizer que nenhuma comunidade crist\u00e3 se constr\u00f3i sem a presen\u00e7a dessa Palavra. Por isso, ela precisa ser conhecida e aprofundada na vida das pessoas, [&hellip;]<\/p>\n","protected":false},"author":11,"featured_media":0,"comment_status":"open","ping_status":"open","sticky":false,"template":"","format":"standard","meta":{"footnotes":""},"categories":[9],"tags":[],"class_list":["post-13030","post","type-post","status-publish","format-standard","hentry","category-artigos"],"_links":{"self":[{"href":"https:\/\/catolicanet.net\/wp-cnet\/wp-json\/wp\/v2\/posts\/13030","targetHints":{"allow":["GET"]}}],"collection":[{"href":"https:\/\/catolicanet.net\/wp-cnet\/wp-json\/wp\/v2\/posts"}],"about":[{"href":"https:\/\/catolicanet.net\/wp-cnet\/wp-json\/wp\/v2\/types\/post"}],"author":[{"embeddable":true,"href":"https:\/\/catolicanet.net\/wp-cnet\/wp-json\/wp\/v2\/users\/11"}],"replies":[{"embeddable":true,"href":"https:\/\/catolicanet.net\/wp-cnet\/wp-json\/wp\/v2\/comments?post=13030"}],"version-history":[{"count":1,"href":"https:\/\/catolicanet.net\/wp-cnet\/wp-json\/wp\/v2\/posts\/13030\/revisions"}],"predecessor-version":[{"id":21752,"href":"https:\/\/catolicanet.net\/wp-cnet\/wp-json\/wp\/v2\/posts\/13030\/revisions\/21752"}],"wp:attachment":[{"href":"https:\/\/catolicanet.net\/wp-cnet\/wp-json\/wp\/v2\/media?parent=13030"}],"wp:term":[{"taxonomy":"category","embeddable":true,"href":"https:\/\/catolicanet.net\/wp-cnet\/wp-json\/wp\/v2\/categories?post=13030"},{"taxonomy":"post_tag","embeddable":true,"href":"https:\/\/catolicanet.net\/wp-cnet\/wp-json\/wp\/v2\/tags?post=13030"}],"curies":[{"name":"wp","href":"https:\/\/api.w.org\/{rel}","templated":true}]}}