{"id":13005,"date":"2016-01-14T17:33:36","date_gmt":"2016-01-14T19:33:36","guid":{"rendered":"http:\/\/catolicanet.net\/wp-cnet\/2016\/01\/14\/canonizacao-de-madre-cecilia-de-piracicaba-segue-sob-analise-do-vaticano\/"},"modified":"2017-06-02T09:56:13","modified_gmt":"2017-06-02T12:56:13","slug":"canonizacao-de-madre-cecilia-de-piracicaba-segue-sob-analise-do-vaticano","status":"publish","type":"post","link":"https:\/\/catolicanet.net\/wp-cnet\/canonizacao-de-madre-cecilia-de-piracicaba-segue-sob-analise-do-vaticano\/","title":{"rendered":"Canoniza\u00e7\u00e3o de Madre Cec\u00edlia de Piracicaba segue sob an\u00e1lise do Vaticano"},"content":{"rendered":"<p style=\"text-align: justify;\"><img decoding=\"async\" src=\"http:\/\/catolicanet.com.br\/images\/stories\/geral\/ansa906014_articolo.jpg\" border=\"0\" align=\"left\" \/>Segue em an\u00e1lise o processo de beatifica\u00e7\u00e3o e canoniza\u00e7\u00e3o da fundadora das Irm\u00e3s Franciscanas do Cora\u00e7\u00e3o de Maria, de Piracicaba\/SP, a Serva de Deus Madre Cec\u00edlia. De acordo com a institui\u00e7\u00e3o, neste momento, a Sagrada Congrega\u00e7\u00e3o para a Causa dos Santos em Roma entrou na fase de documenta\u00e7\u00e3o, que inclui biografia, reconhecimento das virtudes e fama de santidade.<\/p>\n<p>Respons\u00e1vel atualmente pelo processo em Piracicaba, Irm\u00e3 Madalena Calgar\u00f4to relatou que, em 1998, o Vaticano j\u00e1 deu aval para a continuidade do processo. \u201cNestes 23 anos de caminhada, muitas pesquisas foram realizadas, muito material de propaga\u00e7\u00e3o foi produzido e tamb\u00e9m muitas gra\u00e7as foram alcan\u00e7adas\u201d, relatou.<\/p>\n<p>Virtudes de Madre Cec\u00edlia<\/p>\n<p>Ainda de acordo com Irm\u00e3 Madalena, as virtudes de Madre Cec\u00edlia que mais chamavam aten\u00e7\u00e3o s\u00e3o a f\u00e9 e a confian\u00e7a na provid\u00eancia de Deus. \u201dCreio que a virtude que moveu toda sua vida foi a entrega \u00e0 vontade de Deus. Outras virtudes se destacam tamb\u00e9m: a Confian\u00e7a no Cora\u00e7\u00e3o de Maria, a alegria de viver, desejando que as Irm\u00e3s, ao chegarem aos 90 anos, sentissem a alegria de viver que ela sentia.\u201d<\/p>\n<p>Para contribuir com o processo de canoniza\u00e7\u00e3o, o Instituto tem feito um apelo \u00e0s pessoas que alcan\u00e7aram alguma gra\u00e7a pela intercess\u00e3o de Madre Cec\u00edlia. Segundo Irm\u00e3 Madalena, os fi\u00e9is devem comunicar a Congrega\u00e7\u00e3o, para que o relato seja analisado e, se necess\u00e1rio, juntado ao documentos existentes.\u00a0 <\/p>\n<p>A abertura do Processo de Canoniza\u00e7\u00e3o da freira foi autorizado em setembro de 1992, pelo ent\u00e3o bispo da Diocese de Piracicaba, Dom Eduardo Koiak. \u201cA partir dessa data \u2013 explica Irm\u00e3 Madalena &#8211; foram dados todos os passos para o encaminhamento do processo. Em 1997, encerrou-se a primeira etapa no \u00e2mbito Diocesano.\u201d<\/p>\n<p>Sobre Madre Cec\u00edlia<\/p>\n<p>Ant\u00f4nia Martins de Macedo, nome de batismo de Madre Cec\u00edlia, nasceu em Piracicaba (SP) no ano de 1852. Segundo Irm\u00e3 Madalena, desde jovem, Madre Cec\u00edlia almejava se consagrar a Deus na vida religiosa. No entanto, por determina\u00e7\u00e3o de seu pai, casou-se com Francisco Borges Ferreira e, ap\u00f3s cinco anos, ficou vi\u00fava com tr\u00eas filhos: Rosa, Jo\u00e3o e Ant\u00f4nio.<\/p>\n<p>Mas com a cheda dos Frades Capuchinhos em Piracicaba, Madre Cec\u00edlia ingressou, ent\u00e3o, na Ordem Franciscana Secular, sendo sua primeira ministra. Por sua inspira\u00e7\u00e3o, no dia 2 de fevereiro de 1898, foi inaugurado o \u201cAsilo Cora\u00e7\u00e3o de Maria Nossa M\u00e3e\u201d, para acolher meninas \u00f3rf\u00e3s. J\u00e1 no dia 30 de setembro de 1900 foi fundada a Congrega\u00e7\u00e3o das Irm\u00e3s Franciscanas do Cora\u00e7\u00e3o de Maria.<\/p>\n<p>Aos 98 anos, Madre Cec\u00edlia faleceu no dia 6 de setembro de 1950. Para receber livros e outros materiais referentes \u00e0 Vida da Madre Cec\u00edlia, entrar em contato com o \u201cCentro de Espiritualidade e Miss\u00e3o Madre Cec\u00edlia\u201d. O endere\u00e7o \u00e9 Rua Boa Morte, 1.955, no Centro. Telefones: (19) 3371-1328 ou 3422-2218. E-mail: mcecilia.processo@fcmaria.org.br.<\/p>\n<p style=\"text-align: justify;\">Fonte: R\u00e1dio Vaticano<\/p>\n","protected":false},"excerpt":{"rendered":"<p>Segue em an\u00e1lise o processo de beatifica\u00e7\u00e3o e canoniza\u00e7\u00e3o da fundadora das Irm\u00e3s Franciscanas do Cora\u00e7\u00e3o de Maria, de Piracicaba\/SP, a Serva de Deus Madre Cec\u00edlia. De acordo com a institui\u00e7\u00e3o, neste momento, a Sagrada Congrega\u00e7\u00e3o para a Causa dos Santos em Roma entrou na fase de documenta\u00e7\u00e3o, que inclui biografia, reconhecimento das virtudes e [&hellip;]<\/p>\n","protected":false},"author":1,"featured_media":0,"comment_status":"open","ping_status":"open","sticky":false,"template":"","format":"standard","meta":{"footnotes":""},"categories":[3],"tags":[],"class_list":["post-13005","post","type-post","status-publish","format-standard","hentry","category-vaticano"],"_links":{"self":[{"href":"https:\/\/catolicanet.net\/wp-cnet\/wp-json\/wp\/v2\/posts\/13005","targetHints":{"allow":["GET"]}}],"collection":[{"href":"https:\/\/catolicanet.net\/wp-cnet\/wp-json\/wp\/v2\/posts"}],"about":[{"href":"https:\/\/catolicanet.net\/wp-cnet\/wp-json\/wp\/v2\/types\/post"}],"author":[{"embeddable":true,"href":"https:\/\/catolicanet.net\/wp-cnet\/wp-json\/wp\/v2\/users\/1"}],"replies":[{"embeddable":true,"href":"https:\/\/catolicanet.net\/wp-cnet\/wp-json\/wp\/v2\/comments?post=13005"}],"version-history":[{"count":1,"href":"https:\/\/catolicanet.net\/wp-cnet\/wp-json\/wp\/v2\/posts\/13005\/revisions"}],"predecessor-version":[{"id":27728,"href":"https:\/\/catolicanet.net\/wp-cnet\/wp-json\/wp\/v2\/posts\/13005\/revisions\/27728"}],"wp:attachment":[{"href":"https:\/\/catolicanet.net\/wp-cnet\/wp-json\/wp\/v2\/media?parent=13005"}],"wp:term":[{"taxonomy":"category","embeddable":true,"href":"https:\/\/catolicanet.net\/wp-cnet\/wp-json\/wp\/v2\/categories?post=13005"},{"taxonomy":"post_tag","embeddable":true,"href":"https:\/\/catolicanet.net\/wp-cnet\/wp-json\/wp\/v2\/tags?post=13005"}],"curies":[{"name":"wp","href":"https:\/\/api.w.org\/{rel}","templated":true}]}}