{"id":12995,"date":"2016-01-14T15:19:03","date_gmt":"2016-01-14T17:19:03","guid":{"rendered":"http:\/\/catolicanet.net\/wp-cnet\/2016\/01\/14\/asiaturquia-minorias-religiosas-os-salarios-do-clero-sejam-pagos-diretamente-pelo-estado\/"},"modified":"2017-05-31T14:36:08","modified_gmt":"2017-05-31T17:36:08","slug":"asiaturquia-minorias-religiosas-os-salarios-do-clero-sejam-pagos-diretamente-pelo-estado","status":"publish","type":"post","link":"https:\/\/catolicanet.net\/wp-cnet\/asiaturquia-minorias-religiosas-os-salarios-do-clero-sejam-pagos-diretamente-pelo-estado\/","title":{"rendered":"\u00c1SIA\/TURQUIA &#8211; Minorias religiosas: os sal\u00e1rios do clero sejam pagos diretamente pelo Estado"},"content":{"rendered":"<p style=\"text-align: justify;\">Ankara (Ag\u00eancia Fides) \u2013 Um pedido para que os sal\u00e1rios do pessoal religioso das comunidades minorit\u00e1rias sejam pagos diretamente pelo Estado foi enviado ao Primeiro-Primo Ministro turco, Ahmet Davutoglu. \u00c9 o que informa a revista Agos, o jornal bil\u00edngue escrito em arm\u00eanio e turco. A iniciativa \u2013 escreve Agos \u2013 \u00e9 do presidente da Funda\u00e7\u00e3o da Igreja arm\u00eania de Boyacikoy, Yerits Mangants, que apelou ao defensor c\u00edvico (Ombudsman) turco a este respeito.<br \/>Na Turquia, os religiosos e os agentes pastorais crist\u00e3os recebem o sal\u00e1rio das Funda\u00e7\u00f5es ligadas \u00e0s suas Igrejas e comunidades. \u00c9 um sistema complicado e pouco funcional, que frequentemente implica em problemas. Por isso, e apelando aos direitos de igualdade entre os cidad\u00e3os, o presidente da Funda\u00e7\u00e3o arm\u00eania Boyacikoy, Yerits Mangants, se dirigiu ao Ombusdman turco, que solicitou, com uma carta, o Primeiro-Ministro Davutoglu a encontrar uma solu\u00e7\u00e3o.<br \/>O Primeiro-Ministro, para respeitar o prazo da lei, deve responder em at\u00e9 30 dias. O defensor c\u00edvico anexou ao pedido um Dossi\u00ea contendo a declara\u00e7\u00e3o conjunta dos l\u00edderes religiosos arm\u00eanios, judeus, ass\u00edrios e greco-ortodoxos, em que se pede a distribui\u00e7\u00e3o dos sal\u00e1rios dos religiosos e dos agentes pastorais seja subtra\u00edda das Funda\u00e7\u00f5es e se torne compet\u00eancia direta das institui\u00e7\u00f5es estatais, atrav\u00e9s do envolvimento da Dire\u00e7\u00e3o dos assuntos religiosos.<\/p>\n<p style=\"text-align: justify;\">Fonte: Ag\u00eancia Fides.<\/p>\n","protected":false},"excerpt":{"rendered":"<p>Ankara (Ag\u00eancia Fides) \u2013 Um pedido para que os sal\u00e1rios do pessoal religioso das comunidades minorit\u00e1rias sejam pagos diretamente pelo Estado foi enviado ao Primeiro-Primo Ministro turco, Ahmet Davutoglu. \u00c9 o que informa a revista Agos, o jornal bil\u00edngue escrito em arm\u00eanio e turco. A iniciativa \u2013 escreve Agos \u2013 \u00e9 do presidente da Funda\u00e7\u00e3o [&hellip;]<\/p>\n","protected":false},"author":1,"featured_media":0,"comment_status":"open","ping_status":"open","sticky":false,"template":"","format":"standard","meta":{"footnotes":""},"categories":[4],"tags":[],"class_list":["post-12995","post","type-post","status-publish","format-standard","hentry","category-cotidiano"],"_links":{"self":[{"href":"https:\/\/catolicanet.net\/wp-cnet\/wp-json\/wp\/v2\/posts\/12995","targetHints":{"allow":["GET"]}}],"collection":[{"href":"https:\/\/catolicanet.net\/wp-cnet\/wp-json\/wp\/v2\/posts"}],"about":[{"href":"https:\/\/catolicanet.net\/wp-cnet\/wp-json\/wp\/v2\/types\/post"}],"author":[{"embeddable":true,"href":"https:\/\/catolicanet.net\/wp-cnet\/wp-json\/wp\/v2\/users\/1"}],"replies":[{"embeddable":true,"href":"https:\/\/catolicanet.net\/wp-cnet\/wp-json\/wp\/v2\/comments?post=12995"}],"version-history":[{"count":1,"href":"https:\/\/catolicanet.net\/wp-cnet\/wp-json\/wp\/v2\/posts\/12995\/revisions"}],"predecessor-version":[{"id":26786,"href":"https:\/\/catolicanet.net\/wp-cnet\/wp-json\/wp\/v2\/posts\/12995\/revisions\/26786"}],"wp:attachment":[{"href":"https:\/\/catolicanet.net\/wp-cnet\/wp-json\/wp\/v2\/media?parent=12995"}],"wp:term":[{"taxonomy":"category","embeddable":true,"href":"https:\/\/catolicanet.net\/wp-cnet\/wp-json\/wp\/v2\/categories?post=12995"},{"taxonomy":"post_tag","embeddable":true,"href":"https:\/\/catolicanet.net\/wp-cnet\/wp-json\/wp\/v2\/tags?post=12995"}],"curies":[{"name":"wp","href":"https:\/\/api.w.org\/{rel}","templated":true}]}}