{"id":12988,"date":"2016-01-14T12:20:53","date_gmt":"2016-01-14T14:20:53","guid":{"rendered":"http:\/\/catolicanet.net\/wp-cnet\/2016\/01\/14\/pastoral-juvenil-cruz-da-evangelizacao-percorre-dioceses-ate-a-jornada-mundial-da-juventude\/"},"modified":"2017-05-31T16:14:38","modified_gmt":"2017-05-31T19:14:38","slug":"pastoral-juvenil-cruz-da-evangelizacao-percorre-dioceses-ate-a-jornada-mundial-da-juventude","status":"publish","type":"post","link":"https:\/\/catolicanet.net\/wp-cnet\/pastoral-juvenil-cruz-da-evangelizacao-percorre-dioceses-ate-a-jornada-mundial-da-juventude\/","title":{"rendered":"Pastoral Juvenil: Cruz da Evangeliza\u00e7\u00e3o percorre dioceses at\u00e9 \u00e0 Jornada Mundial da Juventude"},"content":{"rendered":"<p style=\"text-align: justify;\"><img decoding=\"async\" src=\"http:\/\/catolicanet.com.br\/images\/stories\/geral\/pastoral_juvenil_algarve.jpg\" border=\"0\" align=\"left\" \/>S\u00edmbolo foi entregue ao continente europeu por S\u00e3o Jo\u00e3o Paulo II<\/p>\n<p style=\"text-align: justify;\">O Departamento Nacional da Pastoral Juvenil e os secretariados diocesanos est\u00e3o a promover a reflex\u00e3o e a ora\u00e7\u00e3o dos jovens com a Cruz da Evangeliza\u00e7\u00e3o at\u00e9 \u00e0 Jornada Mundial da Juventude 2016.<\/p>\n<p>\u201cO projeto itiner\u00e1rio da Cruz da Evangeliza\u00e7\u00e3o \u00e9 uma oportunidade para os jovens portugueses, de um modo criativo e arrojado, expressarem hoje a sua liga\u00e7\u00e3o a este movimento evangelizador centrado no essencial da vida crist\u00e3\u201d, explica o Departamento Nacional da Pastoral Juvenil (DNPJ).<\/p>\n<p>Num comunicado enviado hoje \u00e0 Ag\u00eancia ECCLESIA, informa que neste p\u00e9riplo pelas 20 dioceses portuguesas ao encontro dos jovens, a Cruz da Evangeliza\u00e7\u00e3o j\u00e1 se encontra no Algarve onde permanece at\u00e9 este s\u00e1bado, dia 16.<\/p>\n<p>Do programa consta uma vig\u00edlia de ora\u00e7\u00e3o que vai ser presidida pelo bispo do Algarve, D. Manuel Quintas, pelas 21h00, na S\u00e9 de Faro.<\/p>\n<p>Depois este s\u00edmbolo \u00e9 entregue ao Secretariado da Pastoral Juvenil da Diocese de Beja onde vai percorrer tr\u00eas cidades \u2013 Moura; Beja e Gr\u00e2ndola \u2013 entre 17 a 23 de janeiro.<\/p>\n<p>O DNPJ pretende que a Cruz da Evangeliza\u00e7\u00e3o seja um \u201citiner\u00e1rio de f\u00e9\u201d que tem como objetivo fundamental \u201cevangelizar atrav\u00e9s da cruz\u201d pretendendo que com esta iniciativa os jovens fa\u00e7am um caminho de ora\u00e7\u00e3o e reflex\u00e3o rumo \u00e0 Jornada Mundial da Juventude 2016, de 26 a 31 de julho, em Crac\u00f3via, na Pol\u00f3nia.<\/p>\n<p>\u201cOs jovens s\u00e3o convidados a viver e a partilhar os seus modos pr\u00f3prios e diferenciadores de dizerem hoje a f\u00e9, a esperan\u00e7a e o amor\u201d, acrescenta.<\/p>\n<p>Para acompanhar este s\u00edmbolo foi preparado um gui\u00e3o com celebra\u00e7\u00f5es, medita\u00e7\u00f5es, ora\u00e7\u00f5es e outros recursos para que os jovens possam \u201cacolher, celebrar, viver e anunciar aos seus contempor\u00e2neos a l\u00f3gica da cruz\u201d.<\/p>\n<p>\u00c9 proposto, por exemplo, um momento de acolhimento celebrativo, uma via-sacra com as medita\u00e7\u00f5es do Papa S\u00e3o Jo\u00e3o Paulo II e as catequeses \u2013 \u201cda f\u00e9 \u00e0 cruz; a esperan\u00e7a da cruz e o amor \u00e0 cruz\u201d.<\/p>\n<p>O Papa Jo\u00e3o Paulo II entregou cinco Cruzes da Evangeliza\u00e7\u00e3o aos jovens para serem levadas para cada continente nas primeiras Jornadas Mundiais da Juventude fora do continente Europeu, em Buenos Aires, Argentina, em 1987.<\/p>\n<p>\u201cEnvio-vos! Jovens, evangelizai os jovens com esta cruz da evangeliza\u00e7\u00e3o\u201d, disse o agora patrono deste encontro mundial nesse envio, recorda o DNPJ, que no seu s\u00edtio online tem a calendariza\u00e7\u00e3o da passagem da Cruz da Evangeliza\u00e7\u00e3o pelas dioceses.<\/p>\n<p style=\"text-align: justify;\">Fonte: Ag\u00eancia Ecclesia<\/p>\n","protected":false},"excerpt":{"rendered":"<p>S\u00edmbolo foi entregue ao continente europeu por S\u00e3o Jo\u00e3o Paulo II O Departamento Nacional da Pastoral Juvenil e os secretariados diocesanos est\u00e3o a promover a reflex\u00e3o e a ora\u00e7\u00e3o dos jovens com a Cruz da Evangeliza\u00e7\u00e3o at\u00e9 \u00e0 Jornada Mundial da Juventude 2016. \u201cO projeto itiner\u00e1rio da Cruz da Evangeliza\u00e7\u00e3o \u00e9 uma oportunidade para os [&hellip;]<\/p>\n","protected":false},"author":1,"featured_media":0,"comment_status":"open","ping_status":"open","sticky":false,"template":"","format":"standard","meta":{"footnotes":""},"categories":[4],"tags":[],"class_list":["post-12988","post","type-post","status-publish","format-standard","hentry","category-cotidiano"],"_links":{"self":[{"href":"https:\/\/catolicanet.net\/wp-cnet\/wp-json\/wp\/v2\/posts\/12988","targetHints":{"allow":["GET"]}}],"collection":[{"href":"https:\/\/catolicanet.net\/wp-cnet\/wp-json\/wp\/v2\/posts"}],"about":[{"href":"https:\/\/catolicanet.net\/wp-cnet\/wp-json\/wp\/v2\/types\/post"}],"author":[{"embeddable":true,"href":"https:\/\/catolicanet.net\/wp-cnet\/wp-json\/wp\/v2\/users\/1"}],"replies":[{"embeddable":true,"href":"https:\/\/catolicanet.net\/wp-cnet\/wp-json\/wp\/v2\/comments?post=12988"}],"version-history":[{"count":1,"href":"https:\/\/catolicanet.net\/wp-cnet\/wp-json\/wp\/v2\/posts\/12988\/revisions"}],"predecessor-version":[{"id":27038,"href":"https:\/\/catolicanet.net\/wp-cnet\/wp-json\/wp\/v2\/posts\/12988\/revisions\/27038"}],"wp:attachment":[{"href":"https:\/\/catolicanet.net\/wp-cnet\/wp-json\/wp\/v2\/media?parent=12988"}],"wp:term":[{"taxonomy":"category","embeddable":true,"href":"https:\/\/catolicanet.net\/wp-cnet\/wp-json\/wp\/v2\/categories?post=12988"},{"taxonomy":"post_tag","embeddable":true,"href":"https:\/\/catolicanet.net\/wp-cnet\/wp-json\/wp\/v2\/tags?post=12988"}],"curies":[{"name":"wp","href":"https:\/\/api.w.org\/{rel}","templated":true}]}}