{"id":12971,"date":"2016-01-13T18:46:53","date_gmt":"2016-01-13T20:46:53","guid":{"rendered":"http:\/\/catolicanet.net\/wp-cnet\/2016\/01\/13\/asiajordania-arcebispo-lahham-no-oriente-medio-abalado-por-sectarismos-a-missao-das-escolas-cristas-e-ainda-mais-preciosa-2\/"},"modified":"2017-05-31T14:31:49","modified_gmt":"2017-05-31T17:31:49","slug":"asiajordania-arcebispo-lahham-no-oriente-medio-abalado-por-sectarismos-a-missao-das-escolas-cristas-e-ainda-mais-preciosa-2","status":"publish","type":"post","link":"https:\/\/catolicanet.net\/wp-cnet\/asiajordania-arcebispo-lahham-no-oriente-medio-abalado-por-sectarismos-a-missao-das-escolas-cristas-e-ainda-mais-preciosa-2\/","title":{"rendered":"\u00c1SIA\/JORD\u00c2NIA &#8211; Arcebispo Lahham: no Oriente M\u00e9dio abalado por sectarismos, a miss\u00e3o das escolas crist\u00e3s \u00e9 ainda mais preciosa"},"content":{"rendered":"<p style=\"text-align: justify;\">Am\u00e3 (Ag\u00eancia Fides) \u2013 Na hist\u00f3ria das Igrejas do Oriente M\u00e9dio, um papel precioso sempre foi ocupado pelas escolas crist\u00e3s, justamente em virtude de sua iman\u00eancia na vida das comunidades e da sociedade, que perdura h\u00e1 gera\u00e7\u00f5es. \u00c9 esta presen\u00e7a h\u00e1 longos tempos, engajada no acompanhamento do crescimento espiritual, educativo e humano dos jovens, que coloca as escolas crist\u00e3s em uma posi\u00e7\u00e3o crucial tamb\u00e9m no cen\u00e1rio atual do oriente M\u00e9dio, devastado por conflitos sect\u00e1rios, enquanto em muitos pa\u00edses da \u00e1rea toda possibilidade de conviv\u00eancia pac\u00edfica e de colabora\u00e7\u00e3o entre identidades diferentes parece estar desaparecendo.<br \/>Foi o que reafirmou, com firmeza, o Arcebispo Maroun Lahham, Vig\u00e1rio patriarcal para a Jord\u00e2nia do Patriarcado latino de Jerusal\u00e9m, intervindo no congresso de forma\u00e7\u00e3o para diretores de escolas cat\u00f3licas do Reino Jordano, em andamento nestes dias em Am\u00e3. \u201cSe existe ainda uma esperan\u00e7a para imaginar um futuro diferente, al\u00e9m das sangrentas rotas do sectarismo e do terrorismo\u201d sublinha em uma conversa com a Ag\u00eancia Fides o Arcebispo Lahham \u201cesta possibilidade passa inevitavelmente pela quest\u00e3o da escola e da educa\u00e7\u00e3o e portanto, envolve tamb\u00e9m as escolas crist\u00e3s. Somente bons e apaixonados professores podem inspirar em seus alunos o amor e a liberdade, os princ\u00edpios de cidadania e a abertura aos outros, subtraindo-os \u00e0 press\u00e3o e \u00e0 lavagem cerebral praticada por todos os fundamentalismos e sectarismos. Nossas escolas \u2013 acrescenta o Arcebispo \u2013 foram sempre lugares fant\u00e1sticos de di\u00e1logo entre crist\u00e3os e mu\u00e7ulmanos: sempre foram bons crist\u00e3os e bons mu\u00e7ulmanos, abertos ao di\u00e1logo justamente porque estudaram juntos. Esta fun\u00e7\u00e3o \u00e9 ainda mais importante no contexto atual do Oriente M\u00e9dio, aonde \u00e9 fundamental construir lugares que eduquem os jovens \u00e0 conviv\u00eancia, \u00e0 paz e \u00e0 aceita\u00e7\u00e3o do outro, a ser considerado como um irm\u00e3o, mesmo que diferente de mim, e n\u00e3o como um advers\u00e1rio a ser eliminado\u201d.<\/p>\n<p style=\"text-align: justify;\">Fonte: Ag\u00eancia Fides.<\/p>\n","protected":false},"excerpt":{"rendered":"<p>Am\u00e3 (Ag\u00eancia Fides) \u2013 Na hist\u00f3ria das Igrejas do Oriente M\u00e9dio, um papel precioso sempre foi ocupado pelas escolas crist\u00e3s, justamente em virtude de sua iman\u00eancia na vida das comunidades e da sociedade, que perdura h\u00e1 gera\u00e7\u00f5es. \u00c9 esta presen\u00e7a h\u00e1 longos tempos, engajada no acompanhamento do crescimento espiritual, educativo e humano dos jovens, que [&hellip;]<\/p>\n","protected":false},"author":1,"featured_media":0,"comment_status":"open","ping_status":"open","sticky":false,"template":"","format":"standard","meta":{"footnotes":""},"categories":[4],"tags":[],"class_list":["post-12971","post","type-post","status-publish","format-standard","hentry","category-cotidiano"],"_links":{"self":[{"href":"https:\/\/catolicanet.net\/wp-cnet\/wp-json\/wp\/v2\/posts\/12971","targetHints":{"allow":["GET"]}}],"collection":[{"href":"https:\/\/catolicanet.net\/wp-cnet\/wp-json\/wp\/v2\/posts"}],"about":[{"href":"https:\/\/catolicanet.net\/wp-cnet\/wp-json\/wp\/v2\/types\/post"}],"author":[{"embeddable":true,"href":"https:\/\/catolicanet.net\/wp-cnet\/wp-json\/wp\/v2\/users\/1"}],"replies":[{"embeddable":true,"href":"https:\/\/catolicanet.net\/wp-cnet\/wp-json\/wp\/v2\/comments?post=12971"}],"version-history":[{"count":1,"href":"https:\/\/catolicanet.net\/wp-cnet\/wp-json\/wp\/v2\/posts\/12971\/revisions"}],"predecessor-version":[{"id":26770,"href":"https:\/\/catolicanet.net\/wp-cnet\/wp-json\/wp\/v2\/posts\/12971\/revisions\/26770"}],"wp:attachment":[{"href":"https:\/\/catolicanet.net\/wp-cnet\/wp-json\/wp\/v2\/media?parent=12971"}],"wp:term":[{"taxonomy":"category","embeddable":true,"href":"https:\/\/catolicanet.net\/wp-cnet\/wp-json\/wp\/v2\/categories?post=12971"},{"taxonomy":"post_tag","embeddable":true,"href":"https:\/\/catolicanet.net\/wp-cnet\/wp-json\/wp\/v2\/tags?post=12971"}],"curies":[{"name":"wp","href":"https:\/\/api.w.org\/{rel}","templated":true}]}}