{"id":12969,"date":"2016-01-13T18:29:13","date_gmt":"2016-01-13T20:29:13","guid":{"rendered":"http:\/\/catolicanet.net\/wp-cnet\/2016\/01\/13\/a-arte-de-ajudar-atitudes-fundamentais-no-aconselhamento-pastoral\/"},"modified":"2017-05-31T13:25:56","modified_gmt":"2017-05-31T16:25:56","slug":"a-arte-de-ajudar-atitudes-fundamentais-no-aconselhamento-pastoral","status":"publish","type":"post","link":"https:\/\/catolicanet.net\/wp-cnet\/a-arte-de-ajudar-atitudes-fundamentais-no-aconselhamento-pastoral\/","title":{"rendered":"A Arte de Ajudar \u2013 Atitudes fundamentais no aconselhamento pastoral."},"content":{"rendered":"<p style=\"text-align: justify;\"><img decoding=\"async\" src=\"http:\/\/catolicanet.com.br\/images\/stories\/geral\/alexandre.jpg\" border=\"0\" align=\"left\" \/>Um livro para quem lidera equipes ou exerce atividades de guia de outras pessoas<\/p>\n<p style=\"text-align: justify;\"> \u201cEste livro \u00e9 recomendado para gente que acompanha vidas, que \u00e9 procurada com frequ\u00eancia para dar conselhos e, muitas vezes, n\u00e3o sabe o que fazer ou dizer. Para gente que gosta de ajudar, gente que vive em comunidade, que \u00e9 educadora, conselheira, ombro amigo, confidente, agente de pastoral ou, at\u00e9 mesmo, um pouco de tudo isso junto\u201d. Com essa breve apresenta\u00e7\u00e3o, a editora Loyola revela a import\u00e2ncia do novo livro do Pe. Alexandre Awi Mello.<br \/>\u201cA Arte de Ajudar\u201d, de autoria do Diretor Nacional do Movimento Apost\u00f3lico de Schoenstatt, Pe. Alexandre Awi Mello, traz um precioso conte\u00fado para todos que s\u00e3o e desejam ser educadores e inspirar vidas. Segundo o autor, \u201co livro recolhe a sabedoria de um grande mestre do acompanhamento espiritual, o Pe. Jos\u00e9 Kentenich, e a confirma sob a luz da provada experi\u00eancia de um dos mais conhecidos psic\u00f3logos americanos do s\u00e9culo XX, Carl Rogers\u201d.<br \/>O trabalho, originalmente em alem\u00e3o, \u00e9 o resultado de uma profunda pesquisa, apresentada como disserta\u00e7\u00e3o de mestrado, na Faculdade de Filosofia e Teologia de Vallendar, Alemanha. Nesta publica\u00e7\u00e3o, para o conte\u00fado ser mais bem aproveitado e entendido por todas as pessoas, a linguagem acad\u00eamica foi adaptada para um tom coloquial, tornando-se muito acess\u00edvel para todos os leitores.<br \/>Na apresenta\u00e7\u00e3o, Pe. Alexandre explica que \u201cem muitos lugares percebe-se a urg\u00eancia de que leigos, religiosos e sacerdotes estejam efetivamente capacitados a prestar um melhor servi\u00e7o de acolhida nas comunidades, colocando-se \u00e0 disposi\u00e7\u00e3o para oferecer um valioso e insubstitu\u00edvel \u2018servi\u00e7o de escuta\u2019 ou de acompanhamento, como de fato tem acontecido em muitas par\u00f3quias, pastorais e movimentos eclesiais\u201d. Assim, \u201cbusca-se de fato iniciar uma discuss\u00e3o metodol\u00f3gica sobre o aconselhamento espiritual no Brasil, ainda carente de estudos e de literatura mais especializada\u201d.<br \/>Pe. Alexandre \u00e9, h\u00e1 v\u00e1rios anos, assessor da Juventude Masculina de Schoenstatt e tem experi\u00eancia no acompanhamento de pessoas. Ele escreve: \u201cEspero que esse livro possa ser um gr\u00e3o de areia na constru\u00e7\u00e3o dessa t\u00e3o esperada e necess\u00e1ria arte do acompanhamento espiritual no Brasil\u201d. Todas as pessoas, em especial os formadores e l\u00edderes de equipes ou dirigentes de grupos, encontram um grande apoio neste material.<br \/>Para adquirir<\/p>\n<p><img decoding=\"async\" src=\"http:\/\/catolicanet.com.br\/images\/stories\/geral\/pequeno.jpg\" border=\"0\" align=\"right\" \/>O livro est\u00e1 dispon\u00edvel para venda online pela editora Loyola (clique) e em breve nos Santu\u00e1rio de Schoenstatt do Brasil. Mais informa\u00e7\u00f5es com o Shop Alian\u00e7a, em Atibaia\/SP, pelo telefone: (11) 4414-4219.<br \/>Clique para folhear o livro (link- http:\/\/issuu.com\/edicoesloyola\/docs\/a_arte_de_ajudar_-_atitudes_fundame?e=4326569\/32598223<br \/>Sobre o produto<br \/>Livro: A Arte de ajudar \u2013 Atitudes fundamentais no aconselhamento pastoral<br \/>Autor: Pe. Alexandre Awi Mello<br \/>Editora: Loyola<br \/>Dimens\u00f5es: 14 x 21 cm<br \/>P\u00e1ginas: 164<br \/>*Pe. Alexandre Awi Mello pertence ao Instituto Secular dos Padres de Schoenstatt. Al\u00e9m de Diretor Nacional do Movimento Apost\u00f3lico de Schoenstatt, \u00e9 assessor da Juventude Masculina de Schoenstatt (Jumas). Como te\u00f3logo, \u00e9 doutorando em Mariologia e autor do livro: Ela \u00e9 minha M\u00e3e. Foi secret\u00e1rio do Papa, ent\u00e3o Cardeal Bergoglio, na V Confer\u00eancia do Conselho Episcopal Latino-Americano e do Caribe (Celam), em Aparecida\/SP (2007), e na Jornada Mundial da Juventude (JMJ), no Rio de Janeiro\/RJ (2013). Lecionou Teologia na PUCPR e, atualmente, d\u00e1 aulas em S\u00e3o Paulo\/SP no Centro Universit\u00e1rio Salesiano (Unisal) e na Faculdade S\u00e3o Bento.<br \/>Texto: Karen Bueno\/Ir. M. Nilza P. da Silva<\/p>\n","protected":false},"excerpt":{"rendered":"<p>Um livro para quem lidera equipes ou exerce atividades de guia de outras pessoas \u201cEste livro \u00e9 recomendado para gente que acompanha vidas, que \u00e9 procurada com frequ\u00eancia para dar conselhos e, muitas vezes, n\u00e3o sabe o que fazer ou dizer. Para gente que gosta de ajudar, gente que vive em comunidade, que \u00e9 educadora, [&hellip;]<\/p>\n","protected":false},"author":1,"featured_media":0,"comment_status":"open","ping_status":"open","sticky":false,"template":"","format":"standard","meta":{"footnotes":""},"categories":[4],"tags":[],"class_list":["post-12969","post","type-post","status-publish","format-standard","hentry","category-cotidiano"],"_links":{"self":[{"href":"https:\/\/catolicanet.net\/wp-cnet\/wp-json\/wp\/v2\/posts\/12969","targetHints":{"allow":["GET"]}}],"collection":[{"href":"https:\/\/catolicanet.net\/wp-cnet\/wp-json\/wp\/v2\/posts"}],"about":[{"href":"https:\/\/catolicanet.net\/wp-cnet\/wp-json\/wp\/v2\/types\/post"}],"author":[{"embeddable":true,"href":"https:\/\/catolicanet.net\/wp-cnet\/wp-json\/wp\/v2\/users\/1"}],"replies":[{"embeddable":true,"href":"https:\/\/catolicanet.net\/wp-cnet\/wp-json\/wp\/v2\/comments?post=12969"}],"version-history":[{"count":1,"href":"https:\/\/catolicanet.net\/wp-cnet\/wp-json\/wp\/v2\/posts\/12969\/revisions"}],"predecessor-version":[{"id":26643,"href":"https:\/\/catolicanet.net\/wp-cnet\/wp-json\/wp\/v2\/posts\/12969\/revisions\/26643"}],"wp:attachment":[{"href":"https:\/\/catolicanet.net\/wp-cnet\/wp-json\/wp\/v2\/media?parent=12969"}],"wp:term":[{"taxonomy":"category","embeddable":true,"href":"https:\/\/catolicanet.net\/wp-cnet\/wp-json\/wp\/v2\/categories?post=12969"},{"taxonomy":"post_tag","embeddable":true,"href":"https:\/\/catolicanet.net\/wp-cnet\/wp-json\/wp\/v2\/tags?post=12969"}],"curies":[{"name":"wp","href":"https:\/\/api.w.org\/{rel}","templated":true}]}}