{"id":12965,"date":"2016-01-13T18:22:52","date_gmt":"2016-01-13T20:22:52","guid":{"rendered":"http:\/\/catolicanet.net\/wp-cnet\/2016\/01\/13\/asiasiria-tensoes-entre-curdos-e-cristaos-na-provincia-de-hassake\/"},"modified":"2017-05-31T14:35:16","modified_gmt":"2017-05-31T17:35:16","slug":"asiasiria-tensoes-entre-curdos-e-cristaos-na-provincia-de-hassake","status":"publish","type":"post","link":"https:\/\/catolicanet.net\/wp-cnet\/asiasiria-tensoes-entre-curdos-e-cristaos-na-provincia-de-hassake\/","title":{"rendered":"\u00c1SIA\/S\u00cdRIA &#8211; Tens\u00f5es entre curdos e crist\u00e3os na prov\u00edncia de Hassak\u00e8"},"content":{"rendered":"<p style=\"text-align: justify;\">Qamishli (Ag\u00eancia Fides) \u2013 Continuam a aumentar as tens\u00f5es entre curdos e crist\u00e3os na regi\u00e3o s\u00edria do nordeste de Jiazira, onde se encontram as cidades de Qamishli e Hassak\u00e8 e amplas por\u00e7\u00f5es de territ\u00f3rio est\u00e3o em m\u00e3os dos jihadistas do Estado Isl\u00e2mico (Daesh). O epis\u00f3dio que detonou suspeitos e contraposi\u00e7\u00f5es foram os atentados perpetrados em 20 de dezembro passado contra dois restaurantes de Qamishli pertencentes a propriet\u00e1rios crist\u00e3os. \u201cNaqueles dois atos terroristas\u201d, diz \u00e0 Ag\u00eancia Fides o Arcebispo Jacques Behnan Hindo, que dirige a arquidiocese s\u00edrio-cat\u00f3lica de Hassak\u00e8-Nisibi, \u201cmorreram 13 crist\u00e3os e 6 mu\u00e7ulmanos. N\u00e3o se sabe quem est\u00e1 na origem da trag\u00e9dia, mas o povo aponta o dedo contra os curdos. A modalidade dos atentados, realizados com tr\u00eas malas cheias de explosivos, faz pensar que os autores n\u00e3o eram do Daesh\u201d.<br \/>Depois da trag\u00e9dia, os grupos de autodefesa organizados por crist\u00e3os \u2013 identificados com a sigla Sootoro \u2013 organizaram guaritas para proteger as \u00e1reas habitadas por crist\u00e3os s\u00edrios e ass\u00edrios, mas dois dias atr\u00e1s, um destes postos foi atacado por mil\u00edcias curdas do PYD, ligadas ao PKK. No tiroteio \u2013 confirma \u00e0 Fides Dom Hindo \u2013 foi morto um miliciano s\u00edrio-ortodoxo e ficaram feridos seis soldados curdos. \u201cPor detr\u00e1s destas tens\u00f5es\u201d, explica o Arcebispo s\u00edrio-cat\u00f3lico \u201cexiste tamb\u00e9m a estrat\u00e9gia dos curdos, que querem adquirir posi\u00e7\u00f5es de for\u00e7a na perspectiva de reivindicar a independ\u00eancia. Os grupos de autodefesa crist\u00e3os agem em coordena\u00e7\u00e3o com o ex\u00e9rcito governamental s\u00edrio, e os curdos s\u00e3o atingidos tamb\u00e9m por isso\u201d. Entretanto \u2013 acrescenta Dom Hindo &#8211; \u201cos jihadistas continuam a vender petr\u00f3leo: h\u00e1 colunas de cisternas que saiam de Deir el Zo e se dirigem ao Iraque, chegando depois \u00e0 Turquia. S\u00e3o bem vis\u00edveis, mas muitos fazem de conta de n\u00e3o v\u00ea-las. Devem percorrer este trajeto porque a rota direta para o confim turco agora est\u00e1 controlada pelos russos\u201d.<\/p>\n<p style=\"text-align: justify;\">Fonte: Ag\u00eancia Fides.<\/p>\n","protected":false},"excerpt":{"rendered":"<p>Qamishli (Ag\u00eancia Fides) \u2013 Continuam a aumentar as tens\u00f5es entre curdos e crist\u00e3os na regi\u00e3o s\u00edria do nordeste de Jiazira, onde se encontram as cidades de Qamishli e Hassak\u00e8 e amplas por\u00e7\u00f5es de territ\u00f3rio est\u00e3o em m\u00e3os dos jihadistas do Estado Isl\u00e2mico (Daesh). O epis\u00f3dio que detonou suspeitos e contraposi\u00e7\u00f5es foram os atentados perpetrados em [&hellip;]<\/p>\n","protected":false},"author":1,"featured_media":0,"comment_status":"open","ping_status":"open","sticky":false,"template":"","format":"standard","meta":{"footnotes":""},"categories":[4],"tags":[],"class_list":["post-12965","post","type-post","status-publish","format-standard","hentry","category-cotidiano"],"_links":{"self":[{"href":"https:\/\/catolicanet.net\/wp-cnet\/wp-json\/wp\/v2\/posts\/12965","targetHints":{"allow":["GET"]}}],"collection":[{"href":"https:\/\/catolicanet.net\/wp-cnet\/wp-json\/wp\/v2\/posts"}],"about":[{"href":"https:\/\/catolicanet.net\/wp-cnet\/wp-json\/wp\/v2\/types\/post"}],"author":[{"embeddable":true,"href":"https:\/\/catolicanet.net\/wp-cnet\/wp-json\/wp\/v2\/users\/1"}],"replies":[{"embeddable":true,"href":"https:\/\/catolicanet.net\/wp-cnet\/wp-json\/wp\/v2\/comments?post=12965"}],"version-history":[{"count":1,"href":"https:\/\/catolicanet.net\/wp-cnet\/wp-json\/wp\/v2\/posts\/12965\/revisions"}],"predecessor-version":[{"id":26783,"href":"https:\/\/catolicanet.net\/wp-cnet\/wp-json\/wp\/v2\/posts\/12965\/revisions\/26783"}],"wp:attachment":[{"href":"https:\/\/catolicanet.net\/wp-cnet\/wp-json\/wp\/v2\/media?parent=12965"}],"wp:term":[{"taxonomy":"category","embeddable":true,"href":"https:\/\/catolicanet.net\/wp-cnet\/wp-json\/wp\/v2\/categories?post=12965"},{"taxonomy":"post_tag","embeddable":true,"href":"https:\/\/catolicanet.net\/wp-cnet\/wp-json\/wp\/v2\/tags?post=12965"}],"curies":[{"name":"wp","href":"https:\/\/api.w.org\/{rel}","templated":true}]}}