{"id":12961,"date":"2016-01-13T18:05:58","date_gmt":"2016-01-13T20:05:58","guid":{"rendered":"http:\/\/catolicanet.net\/wp-cnet\/2016\/01\/13\/bispos-dos-eua-condenam-detencao-de-maes-imigrantes-com-filhos\/"},"modified":"2017-06-02T09:54:35","modified_gmt":"2017-06-02T12:54:35","slug":"bispos-dos-eua-condenam-detencao-de-maes-imigrantes-com-filhos","status":"publish","type":"post","link":"https:\/\/catolicanet.net\/wp-cnet\/bispos-dos-eua-condenam-detencao-de-maes-imigrantes-com-filhos\/","title":{"rendered":"Bispos dos EUA condenam deten\u00e7\u00e3o de m\u00e3es imigrantes com filhos"},"content":{"rendered":"<p style=\"text-align: justify;\"><img decoding=\"async\" src=\"http:\/\/catolicanet.com.br\/images\/stories\/geral\/reuters1194972_articolo.jpg\" border=\"0\" align=\"left\" \/>Ap\u00f3s as a\u00e7\u00f5es do governo dos EUA nesta semana em busca de imigrantes ilegais vindos da Am\u00e9rica Central, que resultaram na deten\u00e7\u00e3o de 121 pessoas, incluindo mulheres com filhos pequenos, os bispos do Comit\u00ea de Migra\u00e7\u00e3o da Confer\u00eancia dos Bispos Cat\u00f3licos dos Estados Unidos (USCCB, na sigla em ingl\u00eas) pediram o fim de tais pr\u00e1ticas.<\/p>\n<p>Em dois anos, essa foi a primeira iniciativa do governo dos EUA na busca de imigrantes ilegais provenientes da Am\u00e9rica Central. Em uma carta encaminhada ao secret\u00e1rio de Seguran\u00e7a Interna, Jeh Johnson, o bispo auxiliar de Seatle, Dom Eusebio Elizondo, e o presidente do Comit\u00ea de Migra\u00e7\u00e3o, Dom Kevin Vann, solicitaram ao governo americano o fim das medidas, que atingem principalmente indiv\u00edduos dos Estados de Ge\u00f3rgia, Texas e Carolina do Norte.<\/p>\n<p>A\u00e7\u00e3o desumana, dizem prelados<\/p>\n<p>\u201cN\u00f3s achamos \u2013 relata o documento &#8211; que tal alvo, mulheres com crian\u00e7as \u2013 muitas das quais fugiram da viol\u00eancia e da persegui\u00e7\u00e3o em seus pa\u00edses de origem \u2013, \u00e9 desumano e um grave abuso da limitada execu\u00e7\u00e3o legal.\u201d<\/p>\n<p>Para os prelados, as a\u00e7\u00f5es do departamento respons\u00e1vel pelas deten\u00e7\u00f5es \u201ccontrastam com as declara\u00e7\u00f5es feitas pelo pr\u00f3prio presidente Obama em novembro de 2014, ou seja, que sua administra\u00e7\u00e3o iria prosseguir com a deporta\u00e7\u00e3o de criminosos, n\u00e3o fam\u00edlias; criminosos, e n\u00e3o crian\u00e7as; membros de gangues, n\u00e3o uma m\u00e3e que est\u00e1 trabalhando duro para sustentar seus filhos\u201d.<\/p>\n<p>Ajuda humanit\u00e1ria<\/p>\n<p>Os bispos destacaram ainda sua preocupa\u00e7\u00e3o com todo o processo. &#8220;Alguns desses casos, e muitos outros, &#8211; escreveram na carta &#8211; ilustram as graves quest\u00f5es do processo que enfrentam essas m\u00e3es e crian\u00e7as. N\u00f3s nos opomos \u00e0 remo\u00e7\u00e3o de quaisquer imigrantes que foram detidos sem que primeiro tenha se confirmado se eles receberam oportunidades reais para apresentar os seus pedidos de asilo em audi\u00eancias no tribunal de imigra\u00e7\u00e3o.\u201d<\/p>\n<p>No documento, ambos tamb\u00e9m solicitaram \u00e0 administra\u00e7\u00e3o e ao Congresso a adotar solu\u00e7\u00f5es a longo prazo, tais como o apoio aos esfor\u00e7os humanit\u00e1rios na Am\u00e9rica Central e abordar as causas profundas da migra\u00e7\u00e3o for\u00e7ada.<\/p>\n<p style=\"text-align: justify;\">Fonte: R\u00e1dio Vaticano<\/p>\n","protected":false},"excerpt":{"rendered":"<p>Ap\u00f3s as a\u00e7\u00f5es do governo dos EUA nesta semana em busca de imigrantes ilegais vindos da Am\u00e9rica Central, que resultaram na deten\u00e7\u00e3o de 121 pessoas, incluindo mulheres com filhos pequenos, os bispos do Comit\u00ea de Migra\u00e7\u00e3o da Confer\u00eancia dos Bispos Cat\u00f3licos dos Estados Unidos (USCCB, na sigla em ingl\u00eas) pediram o fim de tais pr\u00e1ticas. [&hellip;]<\/p>\n","protected":false},"author":1,"featured_media":0,"comment_status":"open","ping_status":"open","sticky":false,"template":"","format":"standard","meta":{"footnotes":""},"categories":[3],"tags":[],"class_list":["post-12961","post","type-post","status-publish","format-standard","hentry","category-vaticano"],"_links":{"self":[{"href":"https:\/\/catolicanet.net\/wp-cnet\/wp-json\/wp\/v2\/posts\/12961","targetHints":{"allow":["GET"]}}],"collection":[{"href":"https:\/\/catolicanet.net\/wp-cnet\/wp-json\/wp\/v2\/posts"}],"about":[{"href":"https:\/\/catolicanet.net\/wp-cnet\/wp-json\/wp\/v2\/types\/post"}],"author":[{"embeddable":true,"href":"https:\/\/catolicanet.net\/wp-cnet\/wp-json\/wp\/v2\/users\/1"}],"replies":[{"embeddable":true,"href":"https:\/\/catolicanet.net\/wp-cnet\/wp-json\/wp\/v2\/comments?post=12961"}],"version-history":[{"count":1,"href":"https:\/\/catolicanet.net\/wp-cnet\/wp-json\/wp\/v2\/posts\/12961\/revisions"}],"predecessor-version":[{"id":27710,"href":"https:\/\/catolicanet.net\/wp-cnet\/wp-json\/wp\/v2\/posts\/12961\/revisions\/27710"}],"wp:attachment":[{"href":"https:\/\/catolicanet.net\/wp-cnet\/wp-json\/wp\/v2\/media?parent=12961"}],"wp:term":[{"taxonomy":"category","embeddable":true,"href":"https:\/\/catolicanet.net\/wp-cnet\/wp-json\/wp\/v2\/categories?post=12961"},{"taxonomy":"post_tag","embeddable":true,"href":"https:\/\/catolicanet.net\/wp-cnet\/wp-json\/wp\/v2\/tags?post=12961"}],"curies":[{"name":"wp","href":"https:\/\/api.w.org\/{rel}","templated":true}]}}