{"id":12960,"date":"2016-01-13T17:58:35","date_gmt":"2016-01-13T19:58:35","guid":{"rendered":"http:\/\/catolicanet.net\/wp-cnet\/2016\/01\/13\/iniciativa-do-papa-dia-de-retiro-espiritual-para-organismos-caritativos\/"},"modified":"2017-06-02T11:00:04","modified_gmt":"2017-06-02T14:00:04","slug":"iniciativa-do-papa-dia-de-retiro-espiritual-para-organismos-caritativos","status":"publish","type":"post","link":"https:\/\/catolicanet.net\/wp-cnet\/iniciativa-do-papa-dia-de-retiro-espiritual-para-organismos-caritativos\/","title":{"rendered":"Iniciativa do Papa: Dia de retiro espiritual para organismos caritativos"},"content":{"rendered":"<p style=\"text-align: justify;\"><img decoding=\"async\" src=\"http:\/\/catolicanet.com.br\/images\/stories\/geral\/ossrom90427_articolo.jpg\" border=\"0\" align=\"left\" \/>O Santo Padre pediu ao Pontif\u00edcio Conselho Cor Unum para organizar um Dia de retiro espiritual que todo organismo de caridade \u2013 no mundo inteiro \u2013 deve realizar durante a Quaresma, no contexto do Ano jubilar.<\/p>\n<p>O dicast\u00e9rio vaticano para a caridade dever\u00e1 organizar as ora\u00e7\u00f5es, as reflex\u00f5es e todo o material \u00fatil, bem como difundi-lo aos organismos, que depois far\u00e3o durante a Quaresma este Dia de retiro, no modo e na data que considerarem mais oportuno.<\/p>\n<p>A esse prop\u00f3sito, a R\u00e1dio Vaticano entrevistou o secret\u00e1rio do Cor Unum, Dom Giampietro Dal Toso, que nos explica por qual motivo o Papa quis essa iniciativa para os organismos caritativos:<\/p>\n<p>Dom Giampietro Dal Toso:- \u201cN\u00e3o \u00e9 por acaso que o Jubileu da Miseric\u00f3rdia, em cujo \u00e2mbito se insere essa iniciativa, tem como tema fundamental \u201cmisericordiosos como o Pai: Deus \u00e9 Pai de miseric\u00f3rdia\u201d. A Igreja \u2013 mediante seus membros, ao longo dos s\u00e9culos \u2013sempre realizou esta miseric\u00f3rdia que recebeu de Deus e por isso tamb\u00e9m o Papa, na convoca\u00e7\u00e3o do Jubileu, ressaltou o papel das obras de miseric\u00f3rdia. Por conseguinte, na Igreja temos in\u00fameras institui\u00e7\u00f5es, grupos, organismos que trabalham na caridade e que s\u00e3o testemunhas da caridade, servindo \u00e0 pessoa. Por\u00e9m, tamb\u00e9m temos consci\u00eancia de que podemos ter miseric\u00f3rdia somente se recebemos miseric\u00f3rdia: essa \u00e9 a chave para entender o sentido deste grande retiro que queremos que se realize na Igreja inteira em n\u00edvel local. Podemos viver a miseric\u00f3rdia, fazer obras de miseric\u00f3rdia, gerir institui\u00e7\u00f5es de miseric\u00f3rdia somente se antes tivermos recebido a miseric\u00f3rdia do Pai.\u201d<\/p>\n<p>RV: Qual o papel do Cor Unum nesta iniciativa do Papa?<\/p>\n<p>Dom Giampietro Dal Toso:- O papel do Cor Unum \u00e9 promover concretamente esse Dia de retiro espiritual, que n\u00e3o ser\u00e1 um dia \u00fanico para a Igreja inteira: de fato, quisemos que fosse decidida localmente, de modo que este Dia de retiro possa se realizar segundo as necessidade do lugar. Todos sabemos \u2013 e fa\u00e7o quest\u00e3o de ressaltar \u2013 que o Papa deseja que este Jubileu seja celebrado sobretudo nas Igrejas locais e, portanto, este Dia quer ser propriamente uma oferta, que depois ser\u00e1 concretizada segundo as necessidades que cada grupo, cada organismo, cada institui\u00e7\u00e3o de caridade \u2013 repito \u2013 decidir a n\u00edvel local. Portanto, a fun\u00e7\u00e3o do Cor Unum \u00e9 propriamente promover este Dia de retiro. Preparamos materiais para isso, que est\u00e1 dispon\u00edvel em nosso site www.corunum.va, onde se encontrar\u00e1 uma orienta\u00e7\u00e3o para organizar este Dia de retiro. \u00c9 tamb\u00e9m tarefa nossa sensibilizar a fim de que se fa\u00e7a, mas aquilo a que quisemos dar maior import\u00e2ncia \u00e9 que se possa decidir localmente e concretamente como e quando faz\u00ea-lo, de modo que possa ir ao encontro das necessidades locais.\u201d<\/p>\n<p>RV: Como o Pontif\u00edcio Conselho Cor Unum pretende alcan\u00e7ar os v\u00e1rios organismos caritativos no mundo inteiro?<\/p>\n<p>Dom Giampietro Dal Toso:- \u201cNosso desejo \u00e9 que este Dia de retiro possa realmente chegar \u00e0 base e se possa celebrar na base: para isso temos dois canais fundamentais mediante os quais queremos alcan\u00e7ar essa finalidade. Um \u00e9 certamente o das Confer\u00eancias episcopais: todas foram informadas tanto sobre a iniciativa quanto sobre o material dispon\u00edvel. Ademais, temos como outro grande instrumento para chegar \u00e0 base tamb\u00e9m o das grandes redes internacionais de caridade: menciono, em primeiro lugar, a Caritas Internacional, a Confedera\u00e7\u00e3o de S\u00e3o Vicente de Paulo e tantas outras que existem. Mediante esses canais se pode chegar \u2013 por exemplo \u2013 tamb\u00e9m aos grupos paroquiais individualmente considerados.\u201d<\/p>\n<p style=\"text-align: justify;\">Fonte: R\u00e1dio Vaticano<\/p>\n","protected":false},"excerpt":{"rendered":"<p>O Santo Padre pediu ao Pontif\u00edcio Conselho Cor Unum para organizar um Dia de retiro espiritual que todo organismo de caridade \u2013 no mundo inteiro \u2013 deve realizar durante a Quaresma, no contexto do Ano jubilar. O dicast\u00e9rio vaticano para a caridade dever\u00e1 organizar as ora\u00e7\u00f5es, as reflex\u00f5es e todo o material \u00fatil, bem como [&hellip;]<\/p>\n","protected":false},"author":1,"featured_media":0,"comment_status":"open","ping_status":"open","sticky":false,"template":"","format":"standard","meta":{"footnotes":""},"categories":[3],"tags":[],"class_list":["post-12960","post","type-post","status-publish","format-standard","hentry","category-vaticano"],"_links":{"self":[{"href":"https:\/\/catolicanet.net\/wp-cnet\/wp-json\/wp\/v2\/posts\/12960","targetHints":{"allow":["GET"]}}],"collection":[{"href":"https:\/\/catolicanet.net\/wp-cnet\/wp-json\/wp\/v2\/posts"}],"about":[{"href":"https:\/\/catolicanet.net\/wp-cnet\/wp-json\/wp\/v2\/types\/post"}],"author":[{"embeddable":true,"href":"https:\/\/catolicanet.net\/wp-cnet\/wp-json\/wp\/v2\/users\/1"}],"replies":[{"embeddable":true,"href":"https:\/\/catolicanet.net\/wp-cnet\/wp-json\/wp\/v2\/comments?post=12960"}],"version-history":[{"count":1,"href":"https:\/\/catolicanet.net\/wp-cnet\/wp-json\/wp\/v2\/posts\/12960\/revisions"}],"predecessor-version":[{"id":28036,"href":"https:\/\/catolicanet.net\/wp-cnet\/wp-json\/wp\/v2\/posts\/12960\/revisions\/28036"}],"wp:attachment":[{"href":"https:\/\/catolicanet.net\/wp-cnet\/wp-json\/wp\/v2\/media?parent=12960"}],"wp:term":[{"taxonomy":"category","embeddable":true,"href":"https:\/\/catolicanet.net\/wp-cnet\/wp-json\/wp\/v2\/categories?post=12960"},{"taxonomy":"post_tag","embeddable":true,"href":"https:\/\/catolicanet.net\/wp-cnet\/wp-json\/wp\/v2\/tags?post=12960"}],"curies":[{"name":"wp","href":"https:\/\/api.w.org\/{rel}","templated":true}]}}