{"id":12939,"date":"2016-01-12T12:39:28","date_gmt":"2016-01-12T14:39:28","guid":{"rendered":"http:\/\/catolicanet.net\/wp-cnet\/2016\/01\/12\/papa-aos-diplomatas-migracao-e-a-pedra-angular-do-futuro-2\/"},"modified":"2017-06-02T11:42:41","modified_gmt":"2017-06-02T14:42:41","slug":"papa-aos-diplomatas-migracao-e-a-pedra-angular-do-futuro-2","status":"publish","type":"post","link":"https:\/\/catolicanet.net\/wp-cnet\/papa-aos-diplomatas-migracao-e-a-pedra-angular-do-futuro-2\/","title":{"rendered":"Papa aos diplomatas: migra\u00e7\u00e3o \u00e9 a pedra angular do futuro"},"content":{"rendered":"<p style=\"text-align: justify;\"><img decoding=\"async\" src=\"http:\/\/catolicanet.com.br\/images\/stories\/geral\/reuters1200355_articolo.jpg\" border=\"0\" align=\"left\" \/>O Papa iniciou a semana concedendo uma das audi\u00eancias de maior abrang\u00eancia diplom\u00e1tica, pol\u00edtica e social do ano: Francisco recebeu na Sala Regia, no Vaticano, os embaixadores acreditados junto \u00e0 Santa S\u00e9 para as felicita\u00e7\u00f5es de Ano Novo.<\/p>\n<p>Em seu longo discurso, o Pont\u00edfice ressalta os sinais positivos que caracterizaram 2015 para a Santa S\u00e9, como os in\u00fameros acordos internacionais ratificados, que demonstram \u201cque a conviv\u00eancia pac\u00edfica entre membros de religi\u00f5es diferentes \u00e9 poss\u00edvel\u201d.<\/p>\n<p>Viagens apost\u00f3licas<\/p>\n<p>Um caminho rumo \u00e0 paz e ao di\u00e1logo \u2013 recorda o Papa \u2013 foi a abertura da Porta Santa na Catedral de Bangui, na Rep\u00fablica Centro-Africana, e que leva a rejeitar com for\u00e7a a ideia de que se possa matar em nome de Deus, como ocorreu \u201cnos sanguin\u00e1rios ataques terroristas dos meses passados na \u00c1frica, Europa e Oriente M\u00e9dio\u201d.<\/p>\n<p>A miseric\u00f3rdia \u2013 explica o Papa \u2013 foi o fio condutor que caracterizou as viagens apost\u00f3licas de 2015: Sri Lanka e Filipinas , a cidade de Sarajevo, Equador, Bol\u00edvia e Paraguai, Cuba e Estados Unidos, e finalmente Qu\u00eania, Uganda e Rep\u00fablica Centro-Africana.<\/p>\n<p>Nesses pa\u00edses, destaca Francisco, as fam\u00edlias receberam uma aten\u00e7\u00e3o especial, por ser \u201ca primeira e mais importante escola de miseric\u00f3rdia\u201d. Se falta a fraternidade vivida em fam\u00edlia \u2013 adverte \u2013 falta a solidariedade na sociedade.<\/p>\n<p>De fato, para o Pont\u00edfice, o esp\u00edrito individualista est\u00e1 na raiz da indiferen\u00e7a pelo pr\u00f3ximo, e acaba por tornar as pessoas \u201cmedrosas e c\u00ednicas\u201d, principalmente diante dos pobres e dos marginalizados.<\/p>\n<p>Migra\u00e7\u00e3o: desafio global<\/p>\n<p>Entre os \u00faltimos da sociedade, Francisco cita de modo especial os migrantes. Ali\u00e1s, o Papa dedica a maior parte do seu discurso ao Corpo Diplom\u00e1tico \u00e0 emerg\u00eancia migrat\u00f3ria, que em 2015 interessou principalmente a Europa, a \u00c1sia e a Am\u00e9rica.<\/p>\n<p>Falando do grito de Raquel ou da voz de Jac\u00f3, o Papa comenta as raz\u00f5es que levam \u00e0 fuga milh\u00f5es de pessoas: conflitos, persegui\u00e7\u00f5es, mis\u00e9ria extrema e altera\u00e7\u00f5es clim\u00e1ticas. Raz\u00f5es estas que s\u00e3o resultado da \u201ccultura do descarte\u201d e da \u201carrog\u00e2ncia dos poderosos\u201d, sacrificando homens e mulheres aos \u00eddolos do lucro e do consumo.<\/p>\n<p> \u201cOnde \u00e9 imposs\u00edvel uma migra\u00e7\u00e3o regular, denuncia o Papa, os migrantes v\u00eaem-se muitas vezes for\u00e7ados a se dirigirem a quem pratica o tr\u00e1fico ou o contrabando de seres humanos\u201d. As dram\u00e1ticas imagens das crian\u00e7as mortas no mar testemunham \u201cos horrores que sempre acompanham guerras e viol\u00eancias\u201d.<\/p>\n<p>Temores pela seguran\u00e7a<\/p>\n<p>O tema das migra\u00e7\u00f5es \u00e9 complexo, reconhece o Pont\u00edfice, e requer projetos a m\u00e9dio e longo prazos que devem ir al\u00e9m da l\u00f3gica da emerg\u00eancia. Para ele, os grandes fluxos humanos rumo ao Velho Continente desorientam os pa\u00edses de acolhimento e suas sociedades, com o risco de minar o &#8220;esp\u00edrito human\u00edstico&#8221; que caracteriza a Europa.<\/p>\n<p>O Papa cita \u201cos temores pela seguran\u00e7a, exacerbados desmedidamente pela difusa amea\u00e7a do terrorismo internacional\u201d. Mesmo assim, o Pont\u00edfice se diz certo de que a Europa \u201cpossui os instrumentos para defender a centralidade da pessoa humana e encontrar o justo equil\u00edbrio entre estes dois deveres: o dever moral de tutelar os direitos dos seus cidad\u00e3os e o dever de garantir a assist\u00eancia e o acolhimento dos migrantes\u201d.<\/p>\n<p>Francisco expressa sua gratid\u00e3o pelas institui\u00e7\u00f5es e pa\u00edses que se empenham em acolher os migrantes, entre eles L\u00edbano, Jord\u00e2nia, Gr\u00e9cia, Turquia e It\u00e1lia.<\/p>\n<p>Migrantes: pedra angular do futuro<\/p>\n<p>As migra\u00e7\u00f5es \u2013 defente o Papa \u2013 \u201cconstituir\u00e3o uma pedra angular do futuro do mundo mais do que o t\u00eam o sido at\u00e9 agora\u201d e \u00e9 a chave para que o extremismo e o fundamentalismo n\u00e3o encontrem terreno f\u00e9rtil. A prop\u00f3sito, \u201ca Santa S\u00e9 renova o seu compromisso em campo ecum\u00eanico e inter-religioso para estabelecer um di\u00e1logo sincero e leal que (\u2026) favore\u00e7a uma conviv\u00eancia harmoniosa entre todas as componentes sociais\u201d.<\/p>\n<p>Amea\u00e7a nuclear<\/p>\n<p>O discurso do Papa aos diplomatas se conclui com uma reflex\u00e3o sobre os eventos positivos que marcaram o ano passado em n\u00edvel internacional: o acordo sobre o nuclear iraniano e o percurso que poderia levar a um acordo sobre o clima. Fez votos de reconcilia\u00e7\u00e3o a Burundi, Rep\u00fablica Democr\u00e1tica do Congo, Sud\u00e3o do Sul e Ucr\u00e2nia. E menciona os desafios \u00e0 paz: as tens\u00f5es no Golfo P\u00e9rsico, a amea\u00e7a nuclear norte-coreana, o terrorismo internacional, &#8220;que ceifa inumer\u00e1veis v\u00edtimas&#8221; na S\u00edria, na L\u00edbia, no Iraque e no I\u00eamen, e o intermin\u00e1vel conflito m\u00e9dio-oriental.<\/p>\n<p>Por fim, Francisco garante aos embaixadores a total colabora\u00e7\u00e3o da Santa S\u00e9 em n\u00edvel diplom\u00e1tico: \u201cA Santa S\u00e9 jamais deixar\u00e1 de trabalhar para que a voz da paz possa ser ouvida at\u00e9 aos \u00faltimos confins da terra. Assim, renovo a plena disponibilidade da Secretaria de Estado para colaborar convosco, com a \u00edntima certeza de que este ano jubilar poder\u00e1 ser a ocasi\u00e3o prop\u00edcia para que a fria indiferen\u00e7a de tantos cora\u00e7\u00f5es seja vencida pelo calor da miseric\u00f3rdia\u201d.<\/p>\n<p>No total, a Santa S\u00e9 mant\u00e9m rela\u00e7\u00f5es diplom\u00e1ticas com 180 pa\u00edses.<\/p>\n<p style=\"text-align: justify;\">Fonte: R\u00e1dio Vaticano<\/p>\n","protected":false},"excerpt":{"rendered":"<p>O Papa iniciou a semana concedendo uma das audi\u00eancias de maior abrang\u00eancia diplom\u00e1tica, pol\u00edtica e social do ano: Francisco recebeu na Sala Regia, no Vaticano, os embaixadores acreditados junto \u00e0 Santa S\u00e9 para as felicita\u00e7\u00f5es de Ano Novo. Em seu longo discurso, o Pont\u00edfice ressalta os sinais positivos que caracterizaram 2015 para a Santa S\u00e9, [&hellip;]<\/p>\n","protected":false},"author":1,"featured_media":0,"comment_status":"open","ping_status":"open","sticky":false,"template":"","format":"standard","meta":{"footnotes":""},"categories":[3],"tags":[],"class_list":["post-12939","post","type-post","status-publish","format-standard","hentry","category-vaticano"],"_links":{"self":[{"href":"https:\/\/catolicanet.net\/wp-cnet\/wp-json\/wp\/v2\/posts\/12939","targetHints":{"allow":["GET"]}}],"collection":[{"href":"https:\/\/catolicanet.net\/wp-cnet\/wp-json\/wp\/v2\/posts"}],"about":[{"href":"https:\/\/catolicanet.net\/wp-cnet\/wp-json\/wp\/v2\/types\/post"}],"author":[{"embeddable":true,"href":"https:\/\/catolicanet.net\/wp-cnet\/wp-json\/wp\/v2\/users\/1"}],"replies":[{"embeddable":true,"href":"https:\/\/catolicanet.net\/wp-cnet\/wp-json\/wp\/v2\/comments?post=12939"}],"version-history":[{"count":1,"href":"https:\/\/catolicanet.net\/wp-cnet\/wp-json\/wp\/v2\/posts\/12939\/revisions"}],"predecessor-version":[{"id":28280,"href":"https:\/\/catolicanet.net\/wp-cnet\/wp-json\/wp\/v2\/posts\/12939\/revisions\/28280"}],"wp:attachment":[{"href":"https:\/\/catolicanet.net\/wp-cnet\/wp-json\/wp\/v2\/media?parent=12939"}],"wp:term":[{"taxonomy":"category","embeddable":true,"href":"https:\/\/catolicanet.net\/wp-cnet\/wp-json\/wp\/v2\/categories?post=12939"},{"taxonomy":"post_tag","embeddable":true,"href":"https:\/\/catolicanet.net\/wp-cnet\/wp-json\/wp\/v2\/tags?post=12939"}],"curies":[{"name":"wp","href":"https:\/\/api.w.org\/{rel}","templated":true}]}}