{"id":12937,"date":"2016-01-12T12:32:07","date_gmt":"2016-01-12T14:32:07","guid":{"rendered":"http:\/\/catolicanet.net\/wp-cnet\/2016\/01\/12\/arquidiocese-do-rio-de-janeiro-inicia-trezena-de-sao-sebastiao\/"},"modified":"2017-05-26T16:22:39","modified_gmt":"2017-05-26T19:22:39","slug":"arquidiocese-do-rio-de-janeiro-inicia-trezena-de-sao-sebastiao","status":"publish","type":"post","link":"https:\/\/catolicanet.net\/wp-cnet\/arquidiocese-do-rio-de-janeiro-inicia-trezena-de-sao-sebastiao\/","title":{"rendered":"Arquidiocese do Rio de Janeiro inicia trezena de S\u00e3o Sebasti\u00e3o"},"content":{"rendered":"<p style=\"text-align: justify;\"><img decoding=\"async\" src=\"http:\/\/catolicanet.com.br\/images\/stories\/geral\/trezena_interna.jpg\" border=\"0\" align=\"left\" \/>A trezena percorrer\u00e1 por 13 dias a cidade carioca<\/p>\n<p>Com o tema \u201cS\u00e3o Sebasti\u00e3o, anunciador da miseric\u00f3rdia de Deus\u201d, a arquidiocese do Rio de Janeiro iniciou a tradicional Trezena de S\u00e3o Sebasti\u00e3o, no dia 7 de janeiro. A trezena ir\u00e1 percorrer por 13 dias a cidade carioca, com\u00a0 reflex\u00f5es e atividades do Ano Santo da Miseric\u00f3rdia, indicando os caminhos a serem seguidos pelos fi\u00e9is no Ano Jubilar.<\/p>\n<p>O primeiro lugar a ser visitado foi a Fortaleza de S\u00e3o Jo\u00e3o, na Urca. Neste local, h\u00e1 450 anos, Est\u00e1cio de S\u00e1 fundou a cidade de S\u00e3o Sebasti\u00e3o do Rio de Janeiro, onde foi constru\u00edda a primeira capela em homenagem ao santo padroeiro. A imagem peregrina de S\u00e3o Sebasti\u00e3o foi recebida pelo general D\u00e9cio dos Santos Brasil, chefe do Centro de Capacita\u00e7\u00e3o F\u00edsica do Ex\u00e9rcito (CCFEx), com a presen\u00e7a de militares e convidados.<\/p>\n<p>\u00c0s margens da Praia de Fora, entre os morros Cara de C\u00e3o e o P\u00e3o de A\u00e7\u00facar, o arcebispo do Rio de Janeiro, cardeal Orani Jo\u00e3o Tempesta, presidiu a celebra\u00e7\u00e3o mission\u00e1ria, lembrando que a cidade nasceu e continua sob a prote\u00e7\u00e3o do santo m\u00e1rtir.<\/p>\n<p>A comitiva contou com as presen\u00e7as do p\u00e1roco da par\u00f3quia Nossa Senhora do Brasil, na Urca, Ant\u00f4nio Jos\u00e9 de Moraes, do vig\u00e1rio episcopal para a Cultura, Marcos William Bernardo, do padre e reitor do Santu\u00e1rio Cristo Redentor, Omar Raposo, e do p\u00e1roco da Par\u00f3quia Nossa Senhora da Guia, de Lins Vasconcelos, Jorge Lutz.<br \/>P\u00e3o de A\u00e7\u00facar<\/p>\n<p>No P\u00e3o de A\u00e7\u00facar, na Urca, um dos pontos tur\u00edsticos mais visitados da cidade, a imagem foi recebida pelos diretores Diego Scofano e Giusepe Pelegrine, e diversos colaboradores.<\/p>\n<p>No local, o cardeal dom Orani destacou que esse era um momento de ora\u00e7\u00e3o diante da cidade vista do alto, na qual a imagem percorrer\u00e1 as mais diversas realidades. \u201cSubimos ao P\u00e3o de A\u00e7\u00facar para um momento de ora\u00e7\u00e3o tendo como pano de fundo, justamente, a cidade vista aqui do alto. Assim come\u00e7amos a nossa trezena de S\u00e3o Sebasti\u00e3o. A imagem peregrina, que \u00e9 replica da imagem hist\u00f3ria do padroeiro, percorre todas as realidades da cidade, desde as mais tur\u00edsticas e bonitas at\u00e9 as mais dif\u00edceis, lembrando-se da grande cidade na sua diversidade de situa\u00e7\u00f5es\u201d, destacou.<\/p>\n<p>O cardeal ainda acrescentou que do alto do P\u00e3o de A\u00e7\u00facar \u00e9 poss\u00edvel observar as belezas da cidade e fez um apelo para que os cora\u00e7\u00f5es, contemplando o belo, possam ser bons e generosos e que, apesar das mais diversas situa\u00e7\u00f5es, todos s\u00e3o chamados a vivenciar a miseric\u00f3rdia. \u201cDo alto, onde vemos grande parte do Rio, esse local tur\u00edstico, faz com que as pessoas, ao contemplar a beleza, possam ter um cora\u00e7\u00e3o voltado para o bem. Vamos pedir justamente isto: contemplando a beleza da natureza que aqui do alto se v\u00ea, os cora\u00e7\u00f5es se enterne\u00e7am pelo bem e as pessoas se tornem cada vez mais pessoas boas e generosas. Por outro lado, tamb\u00e9m sabemos que nem tudo \u00e9 t\u00e3o bonito assim, pois temos muitas situa\u00e7\u00f5es dif\u00edceis, complicadas e violentas, al\u00e9m das injusti\u00e7as. Mas neste ano somos chamados e devemos anunciar a miseric\u00f3rdia de Deus porque Ele ama a todos\u201d, afirmou dom Orani.<br \/>Outros lugares<\/p>\n<p>No primeiro dia da trezena, a imagem peregrina seguiu ainda para a par\u00f3quia Santa Teresinha do Menino Jesus, em Botafogo; est\u00fadios da Band Rio, em Botafogo; Hospital S\u00e3o Vicente, na Tijuca e por \u00faltimo, a Bas\u00edlica Menor de S\u00e3o Sebasti\u00e3o dos Capuchinhos, na Tijuca.<br \/>Com informa\u00e7\u00f5es da arquidiocese do Rio de Janeiro<br \/>Foto: Carlos Moioli<br \/>Fonte: CNBB<\/p>\n","protected":false},"excerpt":{"rendered":"<p>A trezena percorrer\u00e1 por 13 dias a cidade carioca Com o tema \u201cS\u00e3o Sebasti\u00e3o, anunciador da miseric\u00f3rdia de Deus\u201d, a arquidiocese do Rio de Janeiro iniciou a tradicional Trezena de S\u00e3o Sebasti\u00e3o, no dia 7 de janeiro. A trezena ir\u00e1 percorrer por 13 dias a cidade carioca, com\u00a0 reflex\u00f5es e atividades do Ano Santo da [&hellip;]<\/p>\n","protected":false},"author":1,"featured_media":0,"comment_status":"open","ping_status":"open","sticky":false,"template":"","format":"standard","meta":{"footnotes":""},"categories":[7],"tags":[],"class_list":["post-12937","post","type-post","status-publish","format-standard","hentry","category-cnbb"],"_links":{"self":[{"href":"https:\/\/catolicanet.net\/wp-cnet\/wp-json\/wp\/v2\/posts\/12937","targetHints":{"allow":["GET"]}}],"collection":[{"href":"https:\/\/catolicanet.net\/wp-cnet\/wp-json\/wp\/v2\/posts"}],"about":[{"href":"https:\/\/catolicanet.net\/wp-cnet\/wp-json\/wp\/v2\/types\/post"}],"author":[{"embeddable":true,"href":"https:\/\/catolicanet.net\/wp-cnet\/wp-json\/wp\/v2\/users\/1"}],"replies":[{"embeddable":true,"href":"https:\/\/catolicanet.net\/wp-cnet\/wp-json\/wp\/v2\/comments?post=12937"}],"version-history":[{"count":1,"href":"https:\/\/catolicanet.net\/wp-cnet\/wp-json\/wp\/v2\/posts\/12937\/revisions"}],"predecessor-version":[{"id":23939,"href":"https:\/\/catolicanet.net\/wp-cnet\/wp-json\/wp\/v2\/posts\/12937\/revisions\/23939"}],"wp:attachment":[{"href":"https:\/\/catolicanet.net\/wp-cnet\/wp-json\/wp\/v2\/media?parent=12937"}],"wp:term":[{"taxonomy":"category","embeddable":true,"href":"https:\/\/catolicanet.net\/wp-cnet\/wp-json\/wp\/v2\/categories?post=12937"},{"taxonomy":"post_tag","embeddable":true,"href":"https:\/\/catolicanet.net\/wp-cnet\/wp-json\/wp\/v2\/tags?post=12937"}],"curies":[{"name":"wp","href":"https:\/\/api.w.org\/{rel}","templated":true}]}}