{"id":12936,"date":"2016-01-12T12:27:46","date_gmt":"2016-01-12T14:27:46","guid":{"rendered":"http:\/\/catolicanet.net\/wp-cnet\/2016\/01\/12\/em-parceria-diocese-de-goias-promove-curso-de-pos-graduacao-em-pedagogia-catequetica\/"},"modified":"2017-05-26T16:22:40","modified_gmt":"2017-05-26T19:22:40","slug":"em-parceria-diocese-de-goias-promove-curso-de-pos-graduacao-em-pedagogia-catequetica","status":"publish","type":"post","link":"https:\/\/catolicanet.net\/wp-cnet\/em-parceria-diocese-de-goias-promove-curso-de-pos-graduacao-em-pedagogia-catequetica\/","title":{"rendered":"Em parceria, diocese de Goi\u00e1s promove curso de p\u00f3s-gradua\u00e7\u00e3o em Pedagogia Catequ\u00e9tica"},"content":{"rendered":"<p style=\"text-align: justify;\"><img decoding=\"async\" src=\"http:\/\/catolicanet.com.br\/images\/stories\/geral\/goias_interna2.jpg\" border=\"0\" align=\"left\" \/>Curso ocorre de 4 a 13 de janeiro<\/p>\n<p>A diocese de Goi\u00e1s, em parceria com a Pontif\u00edcia Universidade Cat\u00f3lica de Goi\u00e1s (PUC-GO), promove de 4 a 13 de janeiro, na cidade de Goi\u00e1s, o curso de p\u00f3s-gradua\u00e7\u00e3o Lato Sensu em Pedagogia Catequ\u00e9tica.<\/p>\n<p>De acordo com o bispo de Goi\u00e1s, dom Eug\u00eanio Rixen, o curso \u00e9 uma grande contribui\u00e7\u00e3o para a a\u00e7\u00e3o evangelizadora e para a forma\u00e7\u00e3o de novos educadores da f\u00e9. \u201cA diversidade do mundo atual exige catequistas diversificados e diferentes escolas. A finalidade das escolas de catequese \u00e9 oferecer uma forma\u00e7\u00e3o adequada nos aspectos humano, afetivo, espiritual, b\u00edblico, lit\u00fargico, doutrinal, pol\u00edtico e cultural\u201d. <\/p>\n<p>Segundo o coordenador do curso, padre Leandro Francisco Pagnussat, essa j\u00e1 \u00e9 a d\u00e9cima turma. \u201cJ\u00e1 est\u00e1 sendo planejado uma nova turma para 2017, em breve as inscri\u00e7\u00f5es ser\u00e3o abertas. A pr\u00f3xima turma ter\u00e1 uma nova configura\u00e7\u00e3o, pois depois de um longo per\u00edodo \u00e9 importante rever a estrutura do curso conforme as necessidades atuais da igreja e os desafios que o mundo nos apresenta\u201d, afirma.<\/p>\n<p>O curso \u00e9 composto por duas turmas, uma delas est\u00e1 em processo de conclus\u00e3o. Uma das exig\u00eancias acad\u00eamicas \u00e9 a produ\u00e7\u00e3o de um artigo cientifico (TCC), que visa estimular a reflex\u00e3o catequ\u00e9tica.<br \/>Outras informa\u00e7\u00f5es<\/p>\n<p>Para saber mais sobre o curso, entre em contato com a diocese de Goi\u00e1s por meio do telefone: (62) 3371 1206. O hor\u00e1rio de funcionamento \u00e9 das 8h \u00e0s 12h.<\/p>\n<p>Com informa\u00e7\u00f5es e foto da diocese de Goi\u00e1s<\/p>\n<p style=\"text-align: justify;\">Fonte: CNBB<\/p>\n","protected":false},"excerpt":{"rendered":"<p>Curso ocorre de 4 a 13 de janeiro A diocese de Goi\u00e1s, em parceria com a Pontif\u00edcia Universidade Cat\u00f3lica de Goi\u00e1s (PUC-GO), promove de 4 a 13 de janeiro, na cidade de Goi\u00e1s, o curso de p\u00f3s-gradua\u00e7\u00e3o Lato Sensu em Pedagogia Catequ\u00e9tica. De acordo com o bispo de Goi\u00e1s, dom Eug\u00eanio Rixen, o curso \u00e9 [&hellip;]<\/p>\n","protected":false},"author":1,"featured_media":0,"comment_status":"open","ping_status":"open","sticky":false,"template":"","format":"standard","meta":{"footnotes":""},"categories":[7],"tags":[],"class_list":["post-12936","post","type-post","status-publish","format-standard","hentry","category-cnbb"],"_links":{"self":[{"href":"https:\/\/catolicanet.net\/wp-cnet\/wp-json\/wp\/v2\/posts\/12936","targetHints":{"allow":["GET"]}}],"collection":[{"href":"https:\/\/catolicanet.net\/wp-cnet\/wp-json\/wp\/v2\/posts"}],"about":[{"href":"https:\/\/catolicanet.net\/wp-cnet\/wp-json\/wp\/v2\/types\/post"}],"author":[{"embeddable":true,"href":"https:\/\/catolicanet.net\/wp-cnet\/wp-json\/wp\/v2\/users\/1"}],"replies":[{"embeddable":true,"href":"https:\/\/catolicanet.net\/wp-cnet\/wp-json\/wp\/v2\/comments?post=12936"}],"version-history":[{"count":1,"href":"https:\/\/catolicanet.net\/wp-cnet\/wp-json\/wp\/v2\/posts\/12936\/revisions"}],"predecessor-version":[{"id":23940,"href":"https:\/\/catolicanet.net\/wp-cnet\/wp-json\/wp\/v2\/posts\/12936\/revisions\/23940"}],"wp:attachment":[{"href":"https:\/\/catolicanet.net\/wp-cnet\/wp-json\/wp\/v2\/media?parent=12936"}],"wp:term":[{"taxonomy":"category","embeddable":true,"href":"https:\/\/catolicanet.net\/wp-cnet\/wp-json\/wp\/v2\/categories?post=12936"},{"taxonomy":"post_tag","embeddable":true,"href":"https:\/\/catolicanet.net\/wp-cnet\/wp-json\/wp\/v2\/tags?post=12936"}],"curies":[{"name":"wp","href":"https:\/\/api.w.org\/{rel}","templated":true}]}}