{"id":12931,"date":"2016-01-11T17:42:05","date_gmt":"2016-01-11T19:42:05","guid":{"rendered":"http:\/\/catolicanet.net\/wp-cnet\/2016\/01\/11\/pastor-canadense-preso-na-coreia-do-norte-cava-buracos-o-dia-todo\/"},"modified":"2017-05-31T16:14:19","modified_gmt":"2017-05-31T19:14:19","slug":"pastor-canadense-preso-na-coreia-do-norte-cava-buracos-o-dia-todo","status":"publish","type":"post","link":"https:\/\/catolicanet.net\/wp-cnet\/pastor-canadense-preso-na-coreia-do-norte-cava-buracos-o-dia-todo\/","title":{"rendered":"Pastor canadense preso na Coreia do Norte cava buracos o dia todo"},"content":{"rendered":"<p style=\"text-align: justify;\"><img decoding=\"async\" src=\"http:\/\/catolicanet.com.br\/images\/stories\/geral\/acfa3f22f.jpg\" border=\"0\" align=\"left\" \/>&#8220;Todos os dias rezo pelo pa\u00eds e pelo povo, rezo para que o Norte e o Sul se reunifiquem, para que uma situa\u00e7\u00e3o como a minha n\u00e3o aconte\u00e7a mais&#8221;<\/p>\n<p>O pastor canadense de 60 anos condenado na Coreia do Norte \u00e0 pris\u00e3o perp\u00e9tua com trabalhos for\u00e7ados afirma em uma entrevista \u00e0 rede de televis\u00e3o CNN que todos os dias cava buracos em uma pris\u00e3o na qual \u00e9 o \u00fanico recluso.<\/p>\n<p>O pastor Hyeon Soo Lim, de 60 anos, afirmou que custou a se adaptar a esta nova vida ap\u00f3s sua condena\u00e7\u00e3o no m\u00eas passado por tentativa de derrubar o regime.<\/p>\n<p>\u201cNunca fui oper\u00e1rio, ent\u00e3o no in\u00edcio estes trabalhos eram duros\u201d, explicou Lim em uma entrevista gravada em um hotel de Pyongyang.<\/p>\n<p>Vestido com um traje cinza de presidi\u00e1rio marcado com a matr\u00edcula \u201c036\u201d, Hyeon Soo Lim, com a cabe\u00e7a raspada, chegou ao quarto conduzido energicamente ao seu assento por dois militares norte-coreanos de gestualidade mec\u00e2nica.<\/p>\n<p>Os dois guardas deixaram o quarto. Lim, que nasceu na Coreia do Sul, mas fala e entende ingl\u00eas, explicou que pediram que desse a entrevista em coreano, o que o levava a pensar que seria estreitamente vigiado.<\/p>\n<p>Lim foi detido em janeiro de 2015 pelas autoridades norte-coreanas depois de entrar no pa\u00eds a partir da China. Os fatos concretos que sustentaram a acusa\u00e7\u00e3o nunca foram esclarecidos.<\/p>\n<p>Segundo a Igreja presbiteriana coreana da Luz de Toronto, onde atuava, Lim estava realizando uma miss\u00e3o puramente humanit\u00e1ria na Coreia do Norte. Estava acostumado \u00e0s viagens no pa\u00eds, onde agia principalmente em orfanatos.<\/p>\n<p>Pyongyang afirmou que Lim havia reconhecido todas as acusa\u00e7\u00f5es que pesavam contra ele, incluindo ter \u201cdifamado abominavelmente\u201d o sistema e o l\u00edder norte-coreano.<\/p>\n<p>Na entrevista da CNN, Lim explicou que \u00e9 obrigado a trabalhar oito horas di\u00e1rias, seis dias por semana, e que seu trabalho consiste em cavar buracos em uma horta.<\/p>\n<p>Afirma que recebe tratamento m\u00e9dico, tr\u00eas refei\u00e7\u00f5es di\u00e1rias, e que espera obter a b\u00edblia que pediu.<\/p>\n<p>\u201cTodos os dias rezo pelo pa\u00eds e pelo povo, rezo para que o Norte e o Sul se reunifiquem, para que uma situa\u00e7\u00e3o como a minha n\u00e3o aconte\u00e7a mais\u201d, declara.<\/p>\n<p>Ao fim da entrevista, que durou cerca de uma hora, os guardas foram buscar o preso.<\/p>\n<p>Pyongyang encara mission\u00e1rios estrangeiros com grande suspeita, embora permita algumas atividades humanit\u00e1rias.<\/p>\n<p>O Canad\u00e1 condenou no m\u00eas passado a pena \u201cexcessivamente severa\u201d pronunciada contra seu cidad\u00e3o.<\/p>\n<p>Certo n\u00famero de religiosos crist\u00e3os, em sua maioria americanos de origem coreana, foram detidos na Coreia do Norte. Alguns puderam retornar ao seu pa\u00eds ap\u00f3s a interven\u00e7\u00e3o de pol\u00edticos americanos de alto escal\u00e3o.<\/p>\n<p style=\"text-align: justify;\">Fonte: Aleteia<\/p>\n","protected":false},"excerpt":{"rendered":"<p>&#8220;Todos os dias rezo pelo pa\u00eds e pelo povo, rezo para que o Norte e o Sul se reunifiquem, para que uma situa\u00e7\u00e3o como a minha n\u00e3o aconte\u00e7a mais&#8221; O pastor canadense de 60 anos condenado na Coreia do Norte \u00e0 pris\u00e3o perp\u00e9tua com trabalhos for\u00e7ados afirma em uma entrevista \u00e0 rede de televis\u00e3o CNN [&hellip;]<\/p>\n","protected":false},"author":1,"featured_media":0,"comment_status":"open","ping_status":"open","sticky":false,"template":"","format":"standard","meta":{"footnotes":""},"categories":[4],"tags":[],"class_list":["post-12931","post","type-post","status-publish","format-standard","hentry","category-cotidiano"],"_links":{"self":[{"href":"https:\/\/catolicanet.net\/wp-cnet\/wp-json\/wp\/v2\/posts\/12931","targetHints":{"allow":["GET"]}}],"collection":[{"href":"https:\/\/catolicanet.net\/wp-cnet\/wp-json\/wp\/v2\/posts"}],"about":[{"href":"https:\/\/catolicanet.net\/wp-cnet\/wp-json\/wp\/v2\/types\/post"}],"author":[{"embeddable":true,"href":"https:\/\/catolicanet.net\/wp-cnet\/wp-json\/wp\/v2\/users\/1"}],"replies":[{"embeddable":true,"href":"https:\/\/catolicanet.net\/wp-cnet\/wp-json\/wp\/v2\/comments?post=12931"}],"version-history":[{"count":1,"href":"https:\/\/catolicanet.net\/wp-cnet\/wp-json\/wp\/v2\/posts\/12931\/revisions"}],"predecessor-version":[{"id":27037,"href":"https:\/\/catolicanet.net\/wp-cnet\/wp-json\/wp\/v2\/posts\/12931\/revisions\/27037"}],"wp:attachment":[{"href":"https:\/\/catolicanet.net\/wp-cnet\/wp-json\/wp\/v2\/media?parent=12931"}],"wp:term":[{"taxonomy":"category","embeddable":true,"href":"https:\/\/catolicanet.net\/wp-cnet\/wp-json\/wp\/v2\/categories?post=12931"},{"taxonomy":"post_tag","embeddable":true,"href":"https:\/\/catolicanet.net\/wp-cnet\/wp-json\/wp\/v2\/tags?post=12931"}],"curies":[{"name":"wp","href":"https:\/\/api.w.org\/{rel}","templated":true}]}}