{"id":12917,"date":"2016-01-11T12:58:43","date_gmt":"2016-01-11T14:58:43","guid":{"rendered":"http:\/\/catolicanet.net\/wp-cnet\/2016\/01\/11\/angelus-ser-batizado-comporta-a-responsabilidade-de-seguir-jesus\/"},"modified":"2017-05-30T11:34:48","modified_gmt":"2017-05-30T14:34:48","slug":"angelus-ser-batizado-comporta-a-responsabilidade-de-seguir-jesus","status":"publish","type":"post","link":"https:\/\/catolicanet.net\/wp-cnet\/angelus-ser-batizado-comporta-a-responsabilidade-de-seguir-jesus\/","title":{"rendered":"Angelus: ser batizado comporta a responsabilidade de seguir Jesus"},"content":{"rendered":"<p style=\"text-align: justify;\"><img decoding=\"async\" src=\"http:\/\/catolicanet.com.br\/images\/stories\/geral\/ansa929559_articolo.jpg\" border=\"0\" align=\"left\" \/>\u201cSer batizado comporta a responsabilidade de seguir Jesus\u201d: ap\u00f3s batizar 26 crian\u00e7as na Capela Sistina, o Papa rezou o Angelus com os fi\u00e9is e peregrinos reunidos na Pra\u00e7a S. Pedro.<\/p>\n<p>Francisco dedicou toda a alocu\u00e7\u00e3o que antecede a ora\u00e7\u00e3o mariana \u00e0 festa do Batismo do Senhor, que a liturgia celebra este domingo (10\/01).<\/p>\n<p>O Evangelho apresenta Jesus, nas \u00e1guas do Rio Jord\u00e3o, no centro de uma revela\u00e7\u00e3o divina: depois de receber o Batismo, o c\u00e9u se abriu e desceu sobre Ele o Esp\u00edrito Santo em forma corporal, como pomba. E do c\u00e9u veio uma voz: \u201cTu \u00e9s o meu Filho; eu, hoje, te gerei\u201d. Deste modo, explicou o Papa, Jesus \u00e9 consagrado e manifestado pelo Pai como o Messias salvador e libertador.<\/p>\n<p>Esp\u00edrito Santo, art\u00edfice principal <\/p>\n<p>Neste evento, prosseguiu, ocorreu a passagem do Batismo de Jo\u00e3o Batista, baseado no s\u00edmbolo da \u00e1gua, ao Batismo de Jesus com o Esp\u00edrito Santo e com o fogo. De fato, no Batismo crist\u00e3o, o Esp\u00edrito Santo \u00e9 o art\u00edfice principal: \u201c\u00c9 Ele que queima e destr\u00f3i o pecado original, restituindo ao batizado a beleza da gra\u00e7a divina; \u00e9 Aquele que nos liberta do dom\u00ednio das trevas, isto \u00e9, do pecado, e nos transfere para o reino da luz, ou seja, do amor, da verdade e da paz. Pensemos a qual dignidade nos eleva o Batismo!\u201d.<\/p>\n<p>Todavia, recordou Francisco, esta realidade de sermos filhos de Deus comporta a responsabilidade de seguir Jesus e reproduzir em n\u00f3s mesmos os seus tra\u00e7os: mansid\u00e3o, humildade e ternura. \u201cE isso n\u00e3o \u00e9 f\u00e1cil, especialmente se nos circunda tanta intoler\u00e2ncia, soberba e dureza. Mas \u00e9 poss\u00edvel com a for\u00e7a que nos vem do Esp\u00edrito Santo! O Esp\u00edrito nos doa a ternura do perd\u00e3o divino e nos d\u00e1 a for\u00e7a invenc\u00edvel da miseric\u00f3rdia do Pai.\u201d<\/p>\n<p>Li\u00e7\u00e3o de casa<\/p>\n<p>Na festa do Batismo de Jesus, o Papa deu uma \u201cli\u00e7\u00e3o de casa\u201d aos fi\u00e9is na Pra\u00e7a S. Pedro: que procurem saber qual foi a data do seu Batismo, porque n\u00e3o \u00e9 uma data qualquer, mas uma data a festejar, &#8220;pois \u00e9 o nosso renascimento como filhos de Deus\u201d.<\/p>\n<p>E concluiu: \u201cQue a Virgem Maria nos ajude a viver com alegria e fervor apost\u00f3lico o nosso Batismo, acolhendo todos os dias o dom do Esp\u00edrito Santo, que nos faz filhos de Deus\u201d.<\/p>\n<p>Ao final do Angelus, o Pont\u00edfice recordou a celebra\u00e7\u00e3o da Santa Missa, momentos antes, em que batizou in\u00fameros beb\u00eas, e concedeu uma ben\u00e7\u00e3o especial a todas as crian\u00e7as que foram batizadas recentemente e tamb\u00e9m aos jovens e adultos que receberam ou est\u00e3o se preparando para receber os Sacramentos da inicia\u00e7\u00e3o crist\u00e3.<\/p>\n<p>Assista no YouTube<\/p>\n<p style=\"text-align: justify;\">Fonte: R\u00e1dio Vaticano<\/p>\n","protected":false},"excerpt":{"rendered":"<p>\u201cSer batizado comporta a responsabilidade de seguir Jesus\u201d: ap\u00f3s batizar 26 crian\u00e7as na Capela Sistina, o Papa rezou o Angelus com os fi\u00e9is e peregrinos reunidos na Pra\u00e7a S. Pedro. Francisco dedicou toda a alocu\u00e7\u00e3o que antecede a ora\u00e7\u00e3o mariana \u00e0 festa do Batismo do Senhor, que a liturgia celebra este domingo (10\/01). O Evangelho [&hellip;]<\/p>\n","protected":false},"author":1,"featured_media":0,"comment_status":"open","ping_status":"open","sticky":false,"template":"","format":"standard","meta":{"footnotes":""},"categories":[7],"tags":[],"class_list":["post-12917","post","type-post","status-publish","format-standard","hentry","category-cnbb"],"_links":{"self":[{"href":"https:\/\/catolicanet.net\/wp-cnet\/wp-json\/wp\/v2\/posts\/12917","targetHints":{"allow":["GET"]}}],"collection":[{"href":"https:\/\/catolicanet.net\/wp-cnet\/wp-json\/wp\/v2\/posts"}],"about":[{"href":"https:\/\/catolicanet.net\/wp-cnet\/wp-json\/wp\/v2\/types\/post"}],"author":[{"embeddable":true,"href":"https:\/\/catolicanet.net\/wp-cnet\/wp-json\/wp\/v2\/users\/1"}],"replies":[{"embeddable":true,"href":"https:\/\/catolicanet.net\/wp-cnet\/wp-json\/wp\/v2\/comments?post=12917"}],"version-history":[{"count":1,"href":"https:\/\/catolicanet.net\/wp-cnet\/wp-json\/wp\/v2\/posts\/12917\/revisions"}],"predecessor-version":[{"id":24514,"href":"https:\/\/catolicanet.net\/wp-cnet\/wp-json\/wp\/v2\/posts\/12917\/revisions\/24514"}],"wp:attachment":[{"href":"https:\/\/catolicanet.net\/wp-cnet\/wp-json\/wp\/v2\/media?parent=12917"}],"wp:term":[{"taxonomy":"category","embeddable":true,"href":"https:\/\/catolicanet.net\/wp-cnet\/wp-json\/wp\/v2\/categories?post=12917"},{"taxonomy":"post_tag","embeddable":true,"href":"https:\/\/catolicanet.net\/wp-cnet\/wp-json\/wp\/v2\/tags?post=12917"}],"curies":[{"name":"wp","href":"https:\/\/api.w.org\/{rel}","templated":true}]}}