{"id":12915,"date":"2016-01-11T12:41:43","date_gmt":"2016-01-11T14:41:43","guid":{"rendered":"http:\/\/catolicanet.net\/wp-cnet\/2016\/01\/11\/santa-missoes-populares-elege-equipe-nacional-de-formadores\/"},"modified":"2017-05-26T16:22:40","modified_gmt":"2017-05-26T19:22:40","slug":"santa-missoes-populares-elege-equipe-nacional-de-formadores","status":"publish","type":"post","link":"https:\/\/catolicanet.net\/wp-cnet\/santa-missoes-populares-elege-equipe-nacional-de-formadores\/","title":{"rendered":"Santa Miss\u00f5es Populares elege equipe nacional de formadores"},"content":{"rendered":"<p style=\"text-align: justify;\"><img decoding=\"async\" src=\"http:\/\/catolicanet.com.br\/images\/stories\/geral\/encontro.jpg\" border=\"0\" align=\"left\" \/>O secret\u00e1rio geral da CNBB, dom Leonardo Steiner esteve no encontro<\/p>\n<p>\u201cAs Santa Miss\u00f5es Populares ajudar\u00e3o a sermos uma Igreja mais misericordiosa, pois n\u00e3o est\u00e3o voltadas para si mesmas, mas para o povo\u201d disse o bispo auxiliar de Bras\u00edlia (DF) e secret\u00e1rio geral da Confer\u00eancia Nacional dos Bispos do Brasil (CNBB), dom Leonardo Steiner, em Encontro Nacional de Formadores. <\/p>\n<p>O evento foi realizado de 5 a 8 de janeiro, em Luzi\u00e2nia (GO), com participa\u00e7\u00e3o de 42 representantes das arquidioceses, dioceses e prelazias da regi\u00e3o, al\u00e9m de coordenadores dos Conselhos Mission\u00e1rios Regionais (Comires) e Conselhos Mission\u00e1rios Diocesano (Comidis). Tamb\u00e9m, marcaram presen\u00e7a no encontro os bispos da prelazia de S\u00e3o F\u00e9lix do Araguaia, dom Adriano Ciocca Vasino, e de Luzi\u00e2nia, dom Afonso Fiorenze. <\/p>\n<p><img decoding=\"async\" src=\"http:\/\/catolicanet.com.br\/images\/stories\/geral\/encontro08.jpg\" border=\"0\" align=\"right\" \/>Ao falar da miss\u00e3o, dom Leonardo fez mem\u00f3ria da caminhada mission\u00e1ria da Igreja, a partir da Enc\u00edclica \u201cEvangelii Nuntiandi\u201d, do beato Paulo VI. O bispo destacou o protagonismo de leigos e leigas que atuam nas Santas Miss\u00f5es Populares. \u201cPrecisamos apoiar todas as iniciativas que ajudam a Igreja ser cada vez mais mission\u00e1ria, principalmente, quando \u00e9 um an\u00fancio que n\u00e3o seja moralizante, que n\u00e3o imp\u00f5e, mas um an\u00fancio que atrai\u201d, falou dom Leonardo. <\/p>\n<p>Nova equipe<\/p>\n<p>Durante o encontro foi constitu\u00edda a nova equipe Nacional de Formadores e Articuladores para os Regionais das Santa Miss\u00f5es Populares. Conhe\u00e7a os membros:<\/p>\n<p style=\"text-align: justify;\">Padre Luiz Mosconi, padre Jos\u00e9 \u00c2ngelo Figueira (Dehoniano) &#8211; arquidiocese de S\u00e3o Luiz (MA); irm\u00e3 Dirce Gomes da Silva (Irm\u00e3s de Cristo Pastor) &#8211; arquidiocese de Londrina (PR); padre Ant\u00f4nio Lopes de Lima &#8211; diocese de Limoeiro (CE); padre Jo\u00e3o Paulo Ribeiro &#8211; diocese de Caxias (MA); padre Henrique Neveston da Silva &#8211; diocese de Guaxup\u00e9 (MG) e dom Adriano Ciocca Vasino &#8211; bspo da prelazia de S\u00e3o F\u00e9lix do Araguaia, como referencial para as Santas Miss\u00f5es Populares e Renata Barbosa Barreto &#8211; diocese de Luzi\u00e2nia.<\/p>\n<p style=\"text-align: justify;\">Fonte: CNBB<\/p>\n","protected":false},"excerpt":{"rendered":"<p>O secret\u00e1rio geral da CNBB, dom Leonardo Steiner esteve no encontro \u201cAs Santa Miss\u00f5es Populares ajudar\u00e3o a sermos uma Igreja mais misericordiosa, pois n\u00e3o est\u00e3o voltadas para si mesmas, mas para o povo\u201d disse o bispo auxiliar de Bras\u00edlia (DF) e secret\u00e1rio geral da Confer\u00eancia Nacional dos Bispos do Brasil (CNBB), dom Leonardo Steiner, em [&hellip;]<\/p>\n","protected":false},"author":1,"featured_media":0,"comment_status":"open","ping_status":"open","sticky":false,"template":"","format":"standard","meta":{"footnotes":""},"categories":[7],"tags":[],"class_list":["post-12915","post","type-post","status-publish","format-standard","hentry","category-cnbb"],"_links":{"self":[{"href":"https:\/\/catolicanet.net\/wp-cnet\/wp-json\/wp\/v2\/posts\/12915","targetHints":{"allow":["GET"]}}],"collection":[{"href":"https:\/\/catolicanet.net\/wp-cnet\/wp-json\/wp\/v2\/posts"}],"about":[{"href":"https:\/\/catolicanet.net\/wp-cnet\/wp-json\/wp\/v2\/types\/post"}],"author":[{"embeddable":true,"href":"https:\/\/catolicanet.net\/wp-cnet\/wp-json\/wp\/v2\/users\/1"}],"replies":[{"embeddable":true,"href":"https:\/\/catolicanet.net\/wp-cnet\/wp-json\/wp\/v2\/comments?post=12915"}],"version-history":[{"count":1,"href":"https:\/\/catolicanet.net\/wp-cnet\/wp-json\/wp\/v2\/posts\/12915\/revisions"}],"predecessor-version":[{"id":23942,"href":"https:\/\/catolicanet.net\/wp-cnet\/wp-json\/wp\/v2\/posts\/12915\/revisions\/23942"}],"wp:attachment":[{"href":"https:\/\/catolicanet.net\/wp-cnet\/wp-json\/wp\/v2\/media?parent=12915"}],"wp:term":[{"taxonomy":"category","embeddable":true,"href":"https:\/\/catolicanet.net\/wp-cnet\/wp-json\/wp\/v2\/categories?post=12915"},{"taxonomy":"post_tag","embeddable":true,"href":"https:\/\/catolicanet.net\/wp-cnet\/wp-json\/wp\/v2\/tags?post=12915"}],"curies":[{"name":"wp","href":"https:\/\/api.w.org\/{rel}","templated":true}]}}