{"id":12914,"date":"2016-01-11T12:38:46","date_gmt":"2016-01-11T14:38:46","guid":{"rendered":"http:\/\/catolicanet.net\/wp-cnet\/2016\/01\/11\/capuchinhos-celebram-120-anos-de-presenca-no-rio-grande-do-sul\/"},"modified":"2017-05-26T16:22:40","modified_gmt":"2017-05-26T19:22:40","slug":"capuchinhos-celebram-120-anos-de-presenca-no-rio-grande-do-sul","status":"publish","type":"post","link":"https:\/\/catolicanet.net\/wp-cnet\/capuchinhos-celebram-120-anos-de-presenca-no-rio-grande-do-sul\/","title":{"rendered":"Capuchinhos celebram 120 anos de presen\u00e7a no Rio Grande do Sul"},"content":{"rendered":"<p style=\"text-align: justify;\"><img decoding=\"async\" src=\"http:\/\/catolicanet.com.br\/images\/stories\/geral\/frei_interna.jpg\" border=\"0\" align=\"left\" \/>Vinda dos freis franceses trouxe contribui\u00e7\u00f5es para a educa\u00e7\u00e3o,\u00a0 imprensa,\u00a0 arquitetura,\u00a0 forma\u00e7\u00e3o do clero e lideran\u00e7as<\/p>\n<p>Em comemora\u00e7\u00e3o aos 120 anos da presen\u00e7a dos Capuchinhos no Rio Grande do Sul, todas as par\u00f3quias que possuem p\u00e1rocos e vig\u00e1rios capuchinhos celebrar\u00e3o a import\u00e2ncia da Ordem nas respectivas regi\u00f5es a partir do dia 17 de janeiro. <\/p>\n<p>A celebra\u00e7\u00e3o, que prosseguir\u00e1 ao longo do ano, tem como tema \u201c120 anos: gratid\u00e3o, paix\u00e3o e esperan\u00e7a!\u201d, e pretende resgatar a hist\u00f3ria dos freis, promover a anima\u00e7\u00e3o vocacional e incentivar a criatividade e partilha com as comunidades.<\/p>\n<p>O objetivo do tema \u00e9 convidar os freis a olhar o passado da prov\u00edncia com gratid\u00e3o, viver o presente da prov\u00edncia com paix\u00e3o e abra\u00e7ar o futuro da prov\u00edncia com esperan\u00e7a.\u00a0 <br \/>Freis Capuchinhos<\/p>\n<p>Os freis Capuchinhos s\u00e3o chamados dessa forma devido ao pequeno capuz de suas vestimentas. A a\u00e7\u00e3o dos capuchinhos, hoje, abrange miss\u00f5es populares, a\u00e7\u00f5es sociais (com mais de 20 projetos), pastoral paroquial e hospitalar, anima\u00e7\u00e3o vocacional e escolas formativas.<\/p>\n<p>O entusiasmo mission\u00e1rio j\u00e1 levou os capuchinhos ga\u00fachos a atuar em Portugal, em v\u00e1rios pa\u00edses da \u00c1frica, na Nicar\u00e1gua, na Rep\u00fablica Dominicana, Fran\u00e7a, Haiti, Brasil Central (Distrito Federal, Mato Grosso do Sul e Goi\u00e1s), interior de S\u00e3o Paulo, Mato Grosso e Rond\u00f4nia. <\/p>\n<p>A Miss\u00e3o no Rio Grande do Sul foi elevada \u00e0 categoria de Prov\u00edncia em 1942. Assim, a Prov\u00edncia dos Capuchinhos do Rio Grande do Sul \u00e9 considerada a primeira prov\u00edncia do hemisf\u00e9rio Sul e da Am\u00e9rica Latina e, hoje, est\u00e1 entre as cinco maiores do mundo. Atualmente conta com 246 membros, sendo 180 freis no Rio Grande do Sul e de Santa Catarina; 45 na Cust\u00f3dia Provincial Brasil Oeste &#8211; Mato Grosso e Rond\u00f4nia e 21 na Delega\u00e7\u00e3o Provincial do Haiti.<\/p>\n<p>A Ordem dos Frades Menores Capuchinhos iniciou na It\u00e1lia em 1528 e, hoje, est\u00e1 presente em 108 pa\u00edses. No Brasil, est\u00e1 organizada em 10 prov\u00edncias e duas cust\u00f3dias, totalizando 1.100 frades. Na Am\u00e9rica Latina e Caribe conta com 30 prov\u00edncias, cinco cust\u00f3dias e duas delega\u00e7\u00f5es. <br \/>Com informa\u00e7\u00f5es e fotos do Acervo C\u00faria Provincial Cap\/RS<\/p>\n<p style=\"text-align: justify;\">Fonte: CNBB<\/p>\n","protected":false},"excerpt":{"rendered":"<p>Vinda dos freis franceses trouxe contribui\u00e7\u00f5es para a educa\u00e7\u00e3o,\u00a0 imprensa,\u00a0 arquitetura,\u00a0 forma\u00e7\u00e3o do clero e lideran\u00e7as Em comemora\u00e7\u00e3o aos 120 anos da presen\u00e7a dos Capuchinhos no Rio Grande do Sul, todas as par\u00f3quias que possuem p\u00e1rocos e vig\u00e1rios capuchinhos celebrar\u00e3o a import\u00e2ncia da Ordem nas respectivas regi\u00f5es a partir do dia 17 de janeiro. A [&hellip;]<\/p>\n","protected":false},"author":1,"featured_media":0,"comment_status":"open","ping_status":"open","sticky":false,"template":"","format":"standard","meta":{"footnotes":""},"categories":[7],"tags":[],"class_list":["post-12914","post","type-post","status-publish","format-standard","hentry","category-cnbb"],"_links":{"self":[{"href":"https:\/\/catolicanet.net\/wp-cnet\/wp-json\/wp\/v2\/posts\/12914","targetHints":{"allow":["GET"]}}],"collection":[{"href":"https:\/\/catolicanet.net\/wp-cnet\/wp-json\/wp\/v2\/posts"}],"about":[{"href":"https:\/\/catolicanet.net\/wp-cnet\/wp-json\/wp\/v2\/types\/post"}],"author":[{"embeddable":true,"href":"https:\/\/catolicanet.net\/wp-cnet\/wp-json\/wp\/v2\/users\/1"}],"replies":[{"embeddable":true,"href":"https:\/\/catolicanet.net\/wp-cnet\/wp-json\/wp\/v2\/comments?post=12914"}],"version-history":[{"count":1,"href":"https:\/\/catolicanet.net\/wp-cnet\/wp-json\/wp\/v2\/posts\/12914\/revisions"}],"predecessor-version":[{"id":23943,"href":"https:\/\/catolicanet.net\/wp-cnet\/wp-json\/wp\/v2\/posts\/12914\/revisions\/23943"}],"wp:attachment":[{"href":"https:\/\/catolicanet.net\/wp-cnet\/wp-json\/wp\/v2\/media?parent=12914"}],"wp:term":[{"taxonomy":"category","embeddable":true,"href":"https:\/\/catolicanet.net\/wp-cnet\/wp-json\/wp\/v2\/categories?post=12914"},{"taxonomy":"post_tag","embeddable":true,"href":"https:\/\/catolicanet.net\/wp-cnet\/wp-json\/wp\/v2\/tags?post=12914"}],"curies":[{"name":"wp","href":"https:\/\/api.w.org\/{rel}","templated":true}]}}